{"id":16505,"date":"2026-09-01T16:34:14","date_gmt":"2026-09-01T19:34:14","guid":{"rendered":"https:\/\/canela.rs.gov.br\/sitenovo\/?p=16505"},"modified":"2026-09-01T16:34:16","modified_gmt":"2026-09-01T19:34:16","slug":"canela-abre-inscricoes-para-novos-cursos-gratuitos-voltados-ao-turismo","status":"publish","type":"post","link":"https:\/\/canela.rs.gov.br\/sitenovo\/canela-abre-inscricoes-para-novos-cursos-gratuitos-voltados-ao-turismo\/","title":{"rendered":"Canela abre inscri\u00e7\u00f5es para novos cursos gratuitos voltados ao turismo"},"content":{"rendered":"\n<p class=\"wp-block-paragraph\">Dando continuidade ao Programa Municipal de Qualifica\u00e7\u00e3o do Trade Tur\u00edstico, a Secretaria de Turismo e Cultura de Canela est\u00e1 com inscri\u00e7\u00f5es abertas para novas capacita\u00e7\u00f5es gratuitas nas \u00e1reas de hotelaria, gastronomia e servi\u00e7os, sustentabilidade, economia criativa e marketing digital. As forma\u00e7\u00f5es s\u00e3o destinadas a profissionais que j\u00e1 atuam no setor tur\u00edstico ou a pessoas interessadas em ingressar na \u00e1rea.<\/p>\n\n\n\n<p class=\"wp-block-paragraph\">O programa \u00e9 realizado por meio de um acordo de coopera\u00e7\u00e3o entre a Prefeitura de Canela e o Campus Hort\u00eansias da Universidade de Caxias do Sul (UCS). Ao todo, ser\u00e3o oferecidos cinco cursos de extens\u00e3o, com 40 vagas dispon\u00edveis em cada forma\u00e7\u00e3o.<\/p>\n\n\n\n<p class=\"wp-block-paragraph\">A primeira capacita\u00e7\u00e3o, intitulada \u201cQualidade no atendimento em destinos tur\u00edsticos com \u00eanfase em parques tem\u00e1ticos\u201d, encerrou as inscri\u00e7\u00f5es nesta ter\u00e7a-feira, dia 1\u00ba de setembro, com todas as vagas preenchidas. O curso ser\u00e1 realizado nesta quarta-feira, 2, com dura\u00e7\u00e3o de quatro horas &#8211; das 14h \u00e0s 18h, no C\u00e2mpus da UCS.<\/p>\n\n\n\n<p class=\"wp-block-paragraph\">A pr\u00f3xima forma\u00e7\u00e3o acontece no dia 16 de setembro e ter\u00e1 como tema \u201cHotelaria, gastronomia e servi\u00e7os \u2013 Boas pr\u00e1ticas no atendimento em restaurantes e turismo de eventos: recep\u00e7\u00e3o, opera\u00e7\u00e3o e p\u00f3s-evento\u201d. Ainda h\u00e1 algumas vagas dispon\u00edveis, e as inscri\u00e7\u00f5es podem ser realizadas at\u00e9 o dia 15 de setembro.<\/p>\n\n\n\n<p class=\"wp-block-paragraph\">Em outubro, est\u00e3o previstas as capacita\u00e7\u00f5es \u201cSustentabilidade aplicada ao turismo\u201d, no dia 17, e \u201cEconomia criativa aplicada ao turismo\u201d, no dia 21. J\u00e1 em novembro, no dia 11, ser\u00e1 realizado o curso \u201cMarketing Tur\u00edstico Digital\u201d.<\/p>\n\n\n\n<p class=\"wp-block-paragraph\">As inscri\u00e7\u00f5es para as pr\u00f3ximas forma\u00e7\u00f5es permanecem abertas at\u00e9 a v\u00e9spera de cada curso, enquanto houver vagas, pelo e-mail&nbsp;<a href=\"mailto:turismo@canela.rs.gov.br\" target=\"_blank\" rel=\"noopener\">turismo@canela.rs.gov.br<\/a>.<\/p>\n\n\n\n<p class=\"wp-block-paragraph\"><em>Texto: Adriana Rabassa\/Prefeitura de Canela<\/em><\/p>\n","protected":false},"excerpt":{"rendered":"<p>Dando continuidade ao Programa Municipal de Qualifica\u00e7\u00e3o do Trade Tur\u00edstico, a Secretaria de Turismo e Cultura de Canela est\u00e1 com inscri\u00e7\u00f5es abertas para novas capacita\u00e7\u00f5es gratuitas nas \u00e1reas de hotelaria, gastronomia e servi\u00e7os, sustentabilidade, economia criativa e marketing digital. As forma\u00e7\u00f5es s\u00e3o destinadas a profissionais que j\u00e1 atuam no setor tur\u00edstico ou a pessoas interessadas [&hellip;]<\/p>\n","protected":false},"author":3,"featured_media":16506,"comment_status":"open","ping_status":"open","sticky":false,"template":"","format":"standard","meta":{"footnotes":""},"categories":[55],"tags":[],"class_list":["post-16505","post","type-post","status-publish","format-standard","has-post-thumbnail","hentry","category-post_turismo"],"_links":{"self":[{"href":"https:\/\/canela.rs.gov.br\/sitenovo\/wp-json\/wp\/v2\/posts\/16505","targetHints":{"allow":["GET"]}}],"collection":[{"href":"https:\/\/canela.rs.gov.br\/sitenovo\/wp-json\/wp\/v2\/posts"}],"about":[{"href":"https:\/\/canela.rs.gov.br\/sitenovo\/wp-json\/wp\/v2\/types\/post"}],"author":[{"embeddable":true,"href":"https:\/\/canela.rs.gov.br\/sitenovo\/wp-json\/wp\/v2\/users\/3"}],"replies":[{"embeddable":true,"href":"https:\/\/canela.rs.gov.br\/sitenovo\/wp-json\/wp\/v2\/comments?post=16505"}],"version-history":[{"count":1,"href":"https:\/\/canela.rs.gov.br\/sitenovo\/wp-json\/wp\/v2\/posts\/16505\/revisions"}],"predecessor-version":[{"id":16508,"href":"https:\/\/canela.rs.gov.br\/sitenovo\/wp-json\/wp\/v2\/posts\/16505\/revisions\/16508"}],"wp:featuredmedia":[{"embeddable":true,"href":"https:\/\/canela.rs.gov.br\/sitenovo\/wp-json\/wp\/v2\/media\/16506"}],"wp:attachment":[{"href":"https:\/\/canela.rs.gov.br\/sitenovo\/wp-json\/wp\/v2\/media?parent=16505"}],"wp:term":[{"taxonomy":"category","embeddable":true,"href":"https:\/\/canela.rs.gov.br\/sitenovo\/wp-json\/wp\/v2\/categories?post=16505"},{"taxonomy":"post_tag","embeddable":true,"href":"https:\/\/canela.rs.gov.br\/sitenovo\/wp-json\/wp\/v2\/tags?post=16505"}],"curies":[{"name":"wp","href":"https:\/\/api.w.org\/{rel}","templated":true}]}}