{"id":16502,"date":"2026-09-01T14:13:59","date_gmt":"2026-09-01T17:13:59","guid":{"rendered":"https:\/\/canela.rs.gov.br\/sitenovo\/?p=16502"},"modified":"2026-09-01T14:14:00","modified_gmt":"2026-09-01T17:14:00","slug":"cerimonia-de-hasteamento-das-bandeiras-da-inicio-a-semana-da-patria-em-canela","status":"publish","type":"post","link":"https:\/\/canela.rs.gov.br\/sitenovo\/cerimonia-de-hasteamento-das-bandeiras-da-inicio-a-semana-da-patria-em-canela\/","title":{"rendered":"Cerim\u00f4nia de hasteamento das bandeiras d\u00e1 in\u00edcio \u00e0 Semana da P\u00e1tria em Canela"},"content":{"rendered":"\n<p class=\"wp-block-paragraph\">Com um ato de civismo e valoriza\u00e7\u00e3o dos s\u00edmbolos nacionais, teve in\u00edcio oficialmente, na manh\u00e3 desta ter\u00e7a-feira, 1\u00ba de setembro, a Semana da P\u00e1tria em Canela. A cerim\u00f4nia de abertura foi realizada em frente ao Pa\u00e7o Municipal, com a presen\u00e7a de autoridades municipais e da comunidade.<\/p>\n\n\n\n<p class=\"wp-block-paragraph\">Abrindo a solenidade, foi realizado o hasteamento das bandeiras do Brasil, do Rio Grande do Sul e de Canela. A bandeira do Brasil foi hasteada pelo prefeito Gilberto Cezar; a do Rio Grande do Sul, pelo 2\u00ba secret\u00e1rio da Mesa Diretora do Legislativo canelense, vereador Rodrigo Rodrigues; e a de Canela, pelo vice-prefeito e secret\u00e1rio de Educa\u00e7\u00e3o, Esporte e Lazer Gilberto Tegner.<\/p>\n\n\n\n<p class=\"wp-block-paragraph\">Durante a cerim\u00f4nia, o prefeito Gilberto Cezar destacou a import\u00e2ncia da realiza\u00e7\u00e3o das comemora\u00e7\u00f5es c\u00edvicas, como incentivo \u00e0 cidadania. \u201cVamos cumprir nosso dever c\u00edvico, realizando todos os atos de patriotismo e de valoriza\u00e7\u00e3o dos s\u00edmbolos nacionais ao longo da semana, que culminar\u00e1 com o Desfile C\u00edvico, no dia 7 de setembro\u201d, destacou o prefeito.<\/p>\n\n\n\n<p class=\"wp-block-paragraph\">O Fogo Simb\u00f3lico permanecer\u00e1 no Pa\u00e7o Municipal durante a Semana da P\u00e1tria. At\u00e9 o dia 4 de setembro, ser\u00e3o realizadas diariamente, \u00e0s 8h30 e \u00e0s 16h45,respectivamente, em frente ao Pa\u00e7o Municipal, as cerim\u00f4nias de hasteamento e arriamento das bandeiras.<\/p>\n\n\n\n<p class=\"wp-block-paragraph\">Ap\u00f3s o Desfile C\u00edvico de 7 de setembro, a centelha ser\u00e1 repassada aos tradicionalistas do CTG Quer\u00eancia, onde se unir\u00e1 \u00e0 chama trazida pelos cavalarianos durante o evento de Distribui\u00e7\u00e3o da Chama Crioula 2026 no Rio Grande do Sul. O momento marcar\u00e1 o in\u00edcio da Semana Farroupilha em Canela.<\/p>\n\n\n\n<p class=\"wp-block-paragraph\"><\/p>\n","protected":false},"excerpt":{"rendered":"<p>Com um ato de civismo e valoriza\u00e7\u00e3o dos s\u00edmbolos nacionais, teve in\u00edcio oficialmente, na manh\u00e3 desta ter\u00e7a-feira, 1\u00ba de setembro, a Semana da P\u00e1tria em Canela. A cerim\u00f4nia de abertura foi realizada em frente ao Pa\u00e7o Municipal, com a presen\u00e7a de autoridades municipais e da comunidade. Abrindo a solenidade, foi realizado o hasteamento das bandeiras [&hellip;]<\/p>\n","protected":false},"author":3,"featured_media":16503,"comment_status":"open","ping_status":"open","sticky":false,"template":"","format":"standard","meta":{"footnotes":""},"categories":[164,45,37],"tags":[],"class_list":["post-16502","post","type-post","status-publish","format-standard","has-post-thumbnail","hentry","category-destaque","category-post_educacao","category-post_governo"],"_links":{"self":[{"href":"https:\/\/canela.rs.gov.br\/sitenovo\/wp-json\/wp\/v2\/posts\/16502","targetHints":{"allow":["GET"]}}],"collection":[{"href":"https:\/\/canela.rs.gov.br\/sitenovo\/wp-json\/wp\/v2\/posts"}],"about":[{"href":"https:\/\/canela.rs.gov.br\/sitenovo\/wp-json\/wp\/v2\/types\/post"}],"author":[{"embeddable":true,"href":"https:\/\/canela.rs.gov.br\/sitenovo\/wp-json\/wp\/v2\/users\/3"}],"replies":[{"embeddable":true,"href":"https:\/\/canela.rs.gov.br\/sitenovo\/wp-json\/wp\/v2\/comments?post=16502"}],"version-history":[{"count":1,"href":"https:\/\/canela.rs.gov.br\/sitenovo\/wp-json\/wp\/v2\/posts\/16502\/revisions"}],"predecessor-version":[{"id":16504,"href":"https:\/\/canela.rs.gov.br\/sitenovo\/wp-json\/wp\/v2\/posts\/16502\/revisions\/16504"}],"wp:featuredmedia":[{"embeddable":true,"href":"https:\/\/canela.rs.gov.br\/sitenovo\/wp-json\/wp\/v2\/media\/16503"}],"wp:attachment":[{"href":"https:\/\/canela.rs.gov.br\/sitenovo\/wp-json\/wp\/v2\/media?parent=16502"}],"wp:term":[{"taxonomy":"category","embeddable":true,"href":"https:\/\/canela.rs.gov.br\/sitenovo\/wp-json\/wp\/v2\/categories?post=16502"},{"taxonomy":"post_tag","embeddable":true,"href":"https:\/\/canela.rs.gov.br\/sitenovo\/wp-json\/wp\/v2\/tags?post=16502"}],"curies":[{"name":"wp","href":"https:\/\/api.w.org\/{rel}","templated":true}]}}