{"id":16466,"date":"2026-09-01T10:38:36","date_gmt":"2026-09-01T13:38:36","guid":{"rendered":"https:\/\/canela.rs.gov.br\/sitenovo\/?p=16466"},"modified":"2026-09-01T10:38:37","modified_gmt":"2026-09-01T13:38:37","slug":"canela-promove-5o-seminario-de-educacao-fiscal-no-dia-17-de-setembro-no-cidica","status":"publish","type":"post","link":"https:\/\/canela.rs.gov.br\/sitenovo\/canela-promove-5o-seminario-de-educacao-fiscal-no-dia-17-de-setembro-no-cidica\/","title":{"rendered":"Canela promove 5\u00ba Semin\u00e1rio de Educa\u00e7\u00e3o Fiscal no dia 17 de setembro, no Cidica"},"content":{"rendered":"\n<p class=\"wp-block-paragraph\">Com o objetivo de estimular o conhecimento, o debate e a conscientiza\u00e7\u00e3o sobre os tributos e a import\u00e2ncia do acompanhamento da aplica\u00e7\u00e3o dos recursos p\u00fablicos, a Prefeitura de Canela, por meio da Secretaria da Fazenda e Desenvolvimento Econ\u00f4mico, promove, no dia 17 de setembro, o 5\u00ba Semin\u00e1rio de Educa\u00e7\u00e3o Fiscal. O evento ser\u00e1 realizado no Centro Integrado de Desenvolvimento e Inova\u00e7\u00e3o (Cidica), a partir das 8 horas, com participa\u00e7\u00e3o aberta ao p\u00fablico.<\/p>\n\n\n\n<p class=\"wp-block-paragraph\">A programa\u00e7\u00e3o contar\u00e1 com a apresenta\u00e7\u00e3o de trabalhos pedag\u00f3gicos sobre educa\u00e7\u00e3o fiscal desenvolvidos por alunos das escolas de Canela, al\u00e9m de palestras sobre temas como a distribui\u00e7\u00e3o da cota-parte do ICMS, a reforma tribut\u00e1ria e os relatos sobre a utiliza\u00e7\u00e3o dos recursos do programa Nota Fiscal Ga\u00facha em hospitais, escolas e entidades filantr\u00f3picas, entre outros assuntos.<\/p>\n\n\n\n<p class=\"wp-block-paragraph\">Est\u00e1 prevista a presen\u00e7a do prefeito Gilberto Cezar; do vice-prefeito e secret\u00e1rio de Educa\u00e7\u00e3o, Esporte e Lazer, Gilberto Tegner; da auditora fiscal da Receita Municipal de Porto Alegre, Vict\u00f3ria Lange; do secret\u00e1rio de Educa\u00e7\u00e3o de Porto Alegre, Leonardo Pascoal; e da procuradora-geral de S\u00e3o Leopoldo, Fernanda Luft.<\/p>\n\n\n\n<p class=\"wp-block-paragraph\">Toda a comunidade est\u00e1 convidada a participar do 5\u00ba Semin\u00e1rio de Educa\u00e7\u00e3o Fiscal de Canela. As inscri\u00e7\u00f5es podem ser realizadas por meio do formul\u00e1rio&nbsp;<a href=\"https:\/\/forms.gle\/qLz5NkaRbUEU3KN76\" target=\"_blank\" rel=\"noopener\">dispon\u00edvel aqui<\/a>.<\/p>\n\n\n\n<p class=\"wp-block-paragraph\">De acordo com o secret\u00e1rio municipal da Fazenda, Luciano Melo, tamb\u00e9m \u00e9 esperada a participa\u00e7\u00e3o de representantes de outros munic\u00edpios, em raz\u00e3o do Programa de Integra\u00e7\u00e3o Tribut\u00e1ria (PIT) do Governo do Estado, que pontua a\u00e7\u00f5es desenvolvidas pelas prefeituras e a participa\u00e7\u00e3o em eventos relacionados \u00e0 educa\u00e7\u00e3o fiscal.<\/p>\n\n\n\n<p class=\"wp-block-paragraph\">O semin\u00e1rio ocorre na sequ\u00eancia do Dia Municipal da Educa\u00e7\u00e3o Fiscal, celebrado em 12 de setembro, conforme a Lei Municipal n\u00ba 3.972\/2017.<\/p>\n\n\n\n<p class=\"wp-block-paragraph\"><strong>Confira a programa\u00e7\u00e3o completa:<\/strong><\/p>\n\n\n\n<p class=\"wp-block-paragraph\">8h \u2013 Credenciamento<\/p>\n\n\n\n<p class=\"wp-block-paragraph\">8h30 \u2013 Cerim\u00f4nia de abertura, com a presen\u00e7a de autoridades<\/p>\n\n\n\n<p class=\"wp-block-paragraph\">9h \u2013 Palestra \u201cO papel da educa\u00e7\u00e3o na indu\u00e7\u00e3o do desenvolvimento econ\u00f4mico\u201d, com Leonardo Pascoal, secret\u00e1rio de Educa\u00e7\u00e3o de Porto Alegre e ex-prefeito de Esteio, e Gilberto Tegner, vice-prefeito de Canela e secret\u00e1rio de Educa\u00e7\u00e3o, Esporte e Lazer.<\/p>\n\n\n\n<p class=\"wp-block-paragraph\">10h \u2013 Intervalo<\/p>\n\n\n\n<p class=\"wp-block-paragraph\">10h30 \u2013 Palestra \u201cDistribui\u00e7\u00e3o da cota-parte do ICMS e do IBS: o papel da educa\u00e7\u00e3o nos crit\u00e9rios de rateio\u201d, com Wilmar de Souza Lima, graduado em Processos Gerenciais e especialista em Direito Tribut\u00e1rio, com mais de 30 anos de atua\u00e7\u00e3o na \u00e1rea tribut\u00e1ria.<\/p>\n\n\n\n<p class=\"wp-block-paragraph\">11h30 \u00e0s 13h \u2013 Intervalo para almo\u00e7o<\/p>\n\n\n\n<p class=\"wp-block-paragraph\">13h \u2013 Palestra \u201cRelatos de entidades locais: a import\u00e2ncia da Nota Fiscal Ga\u00facha\u201d, com representantes da Apae Canela, do Hospital de Caridade e das escolas Bertholdo Opptiz, Dante Bertolucci, Danton Corr\u00eaa da Silva e Neusa Mari Pacheco.<\/p>\n\n\n\n<p class=\"wp-block-paragraph\">13h45 \u2013 Palestra \u201cViv\u00eancias da educa\u00e7\u00e3o fiscal no cotidiano das escolas\u201d, com representantes da Secretaria de Educa\u00e7\u00e3o de Canela.<\/p>\n\n\n\n<p class=\"wp-block-paragraph\">14h30 \u2013 Palestra \u201cDe olho na obra: o papel da fiscaliza\u00e7\u00e3o do ISS da constru\u00e7\u00e3o civil no desenvolvimento da cidadania fiscal\u201d, com Vict\u00f3ria Lange, auditora fiscal da Receita Municipal de Porto Alegre.<\/p>\n\n\n\n<p class=\"wp-block-paragraph\">15h15 \u2013 Palestra \u201cReforma tribut\u00e1ria \u2013 o que seu munic\u00edpio precisa fazer agora?\u201d, com Fernanda Luft, procuradora-geral de S\u00e3o Leopoldo, e Rodrigo Fantinel, CEO da empresa Inovesse.<\/p>\n\n\n\n<p class=\"wp-block-paragraph\"><em>Texto: Adriana Rabassa\/Prefeitura de Canela<\/em><\/p>\n","protected":false},"excerpt":{"rendered":"<p>Com o objetivo de estimular o conhecimento, o debate e a conscientiza\u00e7\u00e3o sobre os tributos e a import\u00e2ncia do acompanhamento da aplica\u00e7\u00e3o dos recursos p\u00fablicos, a Prefeitura de Canela, por meio da Secretaria da Fazenda e Desenvolvimento Econ\u00f4mico, promove, no dia 17 de setembro, o 5\u00ba Semin\u00e1rio de Educa\u00e7\u00e3o Fiscal. O evento ser\u00e1 realizado no [&hellip;]<\/p>\n","protected":false},"author":3,"featured_media":16467,"comment_status":"open","ping_status":"open","sticky":false,"template":"","format":"standard","meta":{"footnotes":""},"categories":[44],"tags":[],"class_list":["post-16466","post","type-post","status-publish","format-standard","has-post-thumbnail","hentry","category-post_fazenda"],"_links":{"self":[{"href":"https:\/\/canela.rs.gov.br\/sitenovo\/wp-json\/wp\/v2\/posts\/16466","targetHints":{"allow":["GET"]}}],"collection":[{"href":"https:\/\/canela.rs.gov.br\/sitenovo\/wp-json\/wp\/v2\/posts"}],"about":[{"href":"https:\/\/canela.rs.gov.br\/sitenovo\/wp-json\/wp\/v2\/types\/post"}],"author":[{"embeddable":true,"href":"https:\/\/canela.rs.gov.br\/sitenovo\/wp-json\/wp\/v2\/users\/3"}],"replies":[{"embeddable":true,"href":"https:\/\/canela.rs.gov.br\/sitenovo\/wp-json\/wp\/v2\/comments?post=16466"}],"version-history":[{"count":1,"href":"https:\/\/canela.rs.gov.br\/sitenovo\/wp-json\/wp\/v2\/posts\/16466\/revisions"}],"predecessor-version":[{"id":16468,"href":"https:\/\/canela.rs.gov.br\/sitenovo\/wp-json\/wp\/v2\/posts\/16466\/revisions\/16468"}],"wp:featuredmedia":[{"embeddable":true,"href":"https:\/\/canela.rs.gov.br\/sitenovo\/wp-json\/wp\/v2\/media\/16467"}],"wp:attachment":[{"href":"https:\/\/canela.rs.gov.br\/sitenovo\/wp-json\/wp\/v2\/media?parent=16466"}],"wp:term":[{"taxonomy":"category","embeddable":true,"href":"https:\/\/canela.rs.gov.br\/sitenovo\/wp-json\/wp\/v2\/categories?post=16466"},{"taxonomy":"post_tag","embeddable":true,"href":"https:\/\/canela.rs.gov.br\/sitenovo\/wp-json\/wp\/v2\/tags?post=16466"}],"curies":[{"name":"wp","href":"https:\/\/api.w.org\/{rel}","templated":true}]}}