{"id":16450,"date":"2026-08-31T16:58:17","date_gmt":"2026-08-31T19:58:17","guid":{"rendered":"https:\/\/canela.rs.gov.br\/sitenovo\/?p=16450"},"modified":"2026-08-31T16:58:19","modified_gmt":"2026-08-31T19:58:19","slug":"suvaco-futsal-conquista-o-titulo-do-campeonato-municipal-de-veteranos-de-canela","status":"publish","type":"post","link":"https:\/\/canela.rs.gov.br\/sitenovo\/suvaco-futsal-conquista-o-titulo-do-campeonato-municipal-de-veteranos-de-canela\/","title":{"rendered":"Suvaco Futsal conquista o t\u00edtulo do Campeonato Municipal de Veteranos de Canela"},"content":{"rendered":"\n<p class=\"wp-block-paragraph\">A equipe do Suvaco Futsal conquistou o t\u00edtulo do Campeonato Municipal de Futsal de Veteranos de Canela. Na noite de sexta-feira (28), no Gin\u00e1sio Carlinhos da Vila, a equipe venceu o Oito e Meia por 2 a 0 na decis\u00e3o e garantiu o trof\u00e9u da competi\u00e7\u00e3o. O Monte Si\u00e3o ficou com a terceira coloca\u00e7\u00e3o.<\/p>\n\n\n\n<p class=\"wp-block-paragraph\">Promovido pela Prefeitura de Canela, por meio do Departamento Municipal de Esporte e Lazer (DMEL), o campeonato reuniu equipes em uma disputa marcada pelo equil\u00edbrio e pela competitividade.<\/p>\n\n\n\n<p class=\"wp-block-paragraph\"><strong>Destaques da competi\u00e7\u00e3o<\/strong><\/p>\n\n\n\n<p class=\"wp-block-paragraph\">Equipe mais disciplinada: Garfo &amp; Bombacha<br>Destaque do Campeonato: Espuleta<br>Artilheiro: Ben Hur (E.C. Santa Marta), com 10 gols<br>Defesa menos vazada: Oito e Meia, com 7 gols sofridos<\/p>\n\n\n\n<p class=\"wp-block-paragraph\"><strong>Sele\u00e7\u00e3o do Campeonato<\/strong><br>Goleiro: Douglas Zanatta \u2013 Oito e Meia<br>Fixo: Juliano Leidens \u2013 Oito e Meia<br>Ala: Jodaer Saez Filho \u2013 Galera da Estev\u00e3o<br>Ala: Cristian Ruppenthal \u2013 Suvaco<br>Piv\u00f4: Charles Port \u2013 Oito e Meia<br>Melhor treinador: \u00c1lvaro Boeira \u2013 Suvaco<\/p>\n","protected":false},"excerpt":{"rendered":"<p>A equipe do Suvaco Futsal conquistou o t\u00edtulo do Campeonato Municipal de Futsal de Veteranos de Canela. Na noite de sexta-feira (28), no Gin\u00e1sio Carlinhos da Vila, a equipe venceu o Oito e Meia por 2 a 0 na decis\u00e3o e garantiu o trof\u00e9u da competi\u00e7\u00e3o. O Monte Si\u00e3o ficou com a terceira coloca\u00e7\u00e3o. Promovido [&hellip;]<\/p>\n","protected":false},"author":3,"featured_media":16451,"comment_status":"open","ping_status":"open","sticky":false,"template":"","format":"standard","meta":{"footnotes":""},"categories":[46],"tags":[],"class_list":["post-16450","post","type-post","status-publish","format-standard","has-post-thumbnail","hentry","category-post_esporte"],"_links":{"self":[{"href":"https:\/\/canela.rs.gov.br\/sitenovo\/wp-json\/wp\/v2\/posts\/16450","targetHints":{"allow":["GET"]}}],"collection":[{"href":"https:\/\/canela.rs.gov.br\/sitenovo\/wp-json\/wp\/v2\/posts"}],"about":[{"href":"https:\/\/canela.rs.gov.br\/sitenovo\/wp-json\/wp\/v2\/types\/post"}],"author":[{"embeddable":true,"href":"https:\/\/canela.rs.gov.br\/sitenovo\/wp-json\/wp\/v2\/users\/3"}],"replies":[{"embeddable":true,"href":"https:\/\/canela.rs.gov.br\/sitenovo\/wp-json\/wp\/v2\/comments?post=16450"}],"version-history":[{"count":1,"href":"https:\/\/canela.rs.gov.br\/sitenovo\/wp-json\/wp\/v2\/posts\/16450\/revisions"}],"predecessor-version":[{"id":16452,"href":"https:\/\/canela.rs.gov.br\/sitenovo\/wp-json\/wp\/v2\/posts\/16450\/revisions\/16452"}],"wp:featuredmedia":[{"embeddable":true,"href":"https:\/\/canela.rs.gov.br\/sitenovo\/wp-json\/wp\/v2\/media\/16451"}],"wp:attachment":[{"href":"https:\/\/canela.rs.gov.br\/sitenovo\/wp-json\/wp\/v2\/media?parent=16450"}],"wp:term":[{"taxonomy":"category","embeddable":true,"href":"https:\/\/canela.rs.gov.br\/sitenovo\/wp-json\/wp\/v2\/categories?post=16450"},{"taxonomy":"post_tag","embeddable":true,"href":"https:\/\/canela.rs.gov.br\/sitenovo\/wp-json\/wp\/v2\/tags?post=16450"}],"curies":[{"name":"wp","href":"https:\/\/api.w.org\/{rel}","templated":true}]}}