{"id":16444,"date":"2026-08-31T16:15:53","date_gmt":"2026-08-31T19:15:53","guid":{"rendered":"https:\/\/canela.rs.gov.br\/sitenovo\/?p=16444"},"modified":"2026-08-31T16:15:55","modified_gmt":"2026-08-31T19:15:55","slug":"refis-2026-ultimo-mes-para-regularizar-debitos-com-desconto-em-canela","status":"publish","type":"post","link":"https:\/\/canela.rs.gov.br\/sitenovo\/refis-2026-ultimo-mes-para-regularizar-debitos-com-desconto-em-canela\/","title":{"rendered":"Refis 2026: \u00faltimo m\u00eas para regularizar d\u00e9bitos com desconto em Canela"},"content":{"rendered":"\n<p class=\"wp-block-paragraph\">O prazo para ades\u00e3o ao programa de recupera\u00e7\u00e3o fiscal da Prefeitura de Canela, o Refis 2026, entra no \u00faltimo m\u00eas. A Secretaria Municipal da Fazenda e Desenvolvimento Econ\u00f4mico alerta que os contribuintes t\u00eam at\u00e9 o dia 30 de setembro para regularizar seus d\u00e9bitos com o fisco, garantindo descontos de at\u00e9 100% em juros e multas relativos a d\u00e9bitos do Imposto Predial e Territorial Urbano (IPTU), Imposto Sobre Servi\u00e7os (ISS), entre outros.<\/p>\n\n\n\n<p class=\"wp-block-paragraph\">De acordo com o setor de D\u00edvida Ativa, at\u00e9 esta segunda-feira, 31 de agosto, j\u00e1 foram efetivadas 911 ades\u00f5es ao Refis por pessoas f\u00edsicas e jur\u00eddicas, que resultaram em cerca de R$ 12 milh\u00f5es em parcelamentos. At\u00e9 o momento, mais de R$ 3,3 milh\u00f5es j\u00e1 foram arrecadados aos cofres p\u00fablicos.<\/p>\n\n\n\n<p class=\"wp-block-paragraph\">\u201cQueremos lembrar os contribuintes desta oportunidade para regularizar os d\u00e9bitos em condi\u00e7\u00f5es especiais, com descontos bem significativos. Ao mesmo tempo em que fica em dia com suas obriga\u00e7\u00f5es fiscais, o cidad\u00e3o ajuda a Prefeitura a recuperar recursos que retornam para a popula\u00e7\u00e3o na forma de servi\u00e7os e investimentos\u201d, destaca o secret\u00e1rio da Fazenda, Luciano Melo.<\/p>\n\n\n\n<p class=\"wp-block-paragraph\"><strong>Conhe\u00e7a os benef\u00edcios<\/strong><\/p>\n\n\n\n<p class=\"wp-block-paragraph\">O Refis 2026 de Canela contempla pessoas f\u00edsicas e jur\u00eddicas e permite a regulariza\u00e7\u00e3o de impostos, outros tributos municipais, d\u00e9bitos e d\u00edvidas n\u00e3o tribut\u00e1rias.<\/p>\n\n\n\n<p class=\"wp-block-paragraph\">Para quem optar pela quita\u00e7\u00e3o \u00e0 vista, o programa de recupera\u00e7\u00e3o fiscal garante desconto de 100% sobre juros e multas. Tamb\u00e9m \u00e9 poss\u00edvel parcelar o d\u00e9bito em at\u00e9 48 vezes, com descontos que variam conforme o n\u00famero de parcelas:<\/p>\n\n\n\n<ul class=\"wp-block-list\">\n<li>80% de desconto para pagamentos de 2 a 12 parcelas;<\/li>\n\n\n\n<li>60% de desconto para pagamentos de 13 a 24 parcelas;<\/li>\n\n\n\n<li>40% de desconto para pagamentos de 25 a 48 parcelas.<\/li>\n<\/ul>\n\n\n\n<p class=\"wp-block-paragraph\">A ades\u00e3o pode ser feita presencialmente na Prefeitura Municipal, localizada na&nbsp;<a href=\"https:\/\/www.google.com\/maps\/search\/Rua+Dona+Carlinda,+n%C2%BA+45?entry=gmail&amp;source=g\" target=\"_blank\" rel=\"noopener\">Rua Dona Carlinda, n\u00ba 45<\/a>, at\u00e9 o dia 30 de setembro.<\/p>\n\n\n\n<p class=\"wp-block-paragraph\">Mais informa\u00e7\u00f5es podem ser obtidas pelos e-mails&nbsp;<a href=\"mailto:dividaativa@canela.rs.gov.br\" target=\"_blank\" rel=\"noopener\">dividaativa@canela.rs.gov.br<\/a>, para d\u00e9bitos extrajudiciais, e&nbsp;<a href=\"mailto:execucaofiscal@canela.rs.gov.br\" target=\"_blank\" rel=\"noopener\">execucaofiscal@canela.rs.gov.<wbr>br<\/a>, para d\u00e9bitos ajuizados.<\/p>\n\n\n\n<p class=\"wp-block-paragraph\"><em>Texto: Adriana Rabassa\/Prefeitura de Canela<\/em><\/p>\n","protected":false},"excerpt":{"rendered":"<p>O prazo para ades\u00e3o ao programa de recupera\u00e7\u00e3o fiscal da Prefeitura de Canela, o Refis 2026, entra no \u00faltimo m\u00eas. A Secretaria Municipal da Fazenda e Desenvolvimento Econ\u00f4mico alerta que os contribuintes t\u00eam at\u00e9 o dia 30 de setembro para regularizar seus d\u00e9bitos com o fisco, garantindo descontos de at\u00e9 100% em juros e multas [&hellip;]<\/p>\n","protected":false},"author":3,"featured_media":16445,"comment_status":"open","ping_status":"open","sticky":false,"template":"","format":"standard","meta":{"footnotes":""},"categories":[44],"tags":[],"class_list":["post-16444","post","type-post","status-publish","format-standard","has-post-thumbnail","hentry","category-post_fazenda"],"_links":{"self":[{"href":"https:\/\/canela.rs.gov.br\/sitenovo\/wp-json\/wp\/v2\/posts\/16444","targetHints":{"allow":["GET"]}}],"collection":[{"href":"https:\/\/canela.rs.gov.br\/sitenovo\/wp-json\/wp\/v2\/posts"}],"about":[{"href":"https:\/\/canela.rs.gov.br\/sitenovo\/wp-json\/wp\/v2\/types\/post"}],"author":[{"embeddable":true,"href":"https:\/\/canela.rs.gov.br\/sitenovo\/wp-json\/wp\/v2\/users\/3"}],"replies":[{"embeddable":true,"href":"https:\/\/canela.rs.gov.br\/sitenovo\/wp-json\/wp\/v2\/comments?post=16444"}],"version-history":[{"count":1,"href":"https:\/\/canela.rs.gov.br\/sitenovo\/wp-json\/wp\/v2\/posts\/16444\/revisions"}],"predecessor-version":[{"id":16446,"href":"https:\/\/canela.rs.gov.br\/sitenovo\/wp-json\/wp\/v2\/posts\/16444\/revisions\/16446"}],"wp:featuredmedia":[{"embeddable":true,"href":"https:\/\/canela.rs.gov.br\/sitenovo\/wp-json\/wp\/v2\/media\/16445"}],"wp:attachment":[{"href":"https:\/\/canela.rs.gov.br\/sitenovo\/wp-json\/wp\/v2\/media?parent=16444"}],"wp:term":[{"taxonomy":"category","embeddable":true,"href":"https:\/\/canela.rs.gov.br\/sitenovo\/wp-json\/wp\/v2\/categories?post=16444"},{"taxonomy":"post_tag","embeddable":true,"href":"https:\/\/canela.rs.gov.br\/sitenovo\/wp-json\/wp\/v2\/tags?post=16444"}],"curies":[{"name":"wp","href":"https:\/\/api.w.org\/{rel}","templated":true}]}}