{"id":16439,"date":"2026-08-31T14:20:43","date_gmt":"2026-08-31T17:20:43","guid":{"rendered":"https:\/\/canela.rs.gov.br\/sitenovo\/?p=16439"},"modified":"2026-08-31T14:22:10","modified_gmt":"2026-08-31T17:22:10","slug":"canela-avanca-na-construcao-do-plano-municipal-de-turismo-para-os-proximos-quatro-anos","status":"publish","type":"post","link":"https:\/\/canela.rs.gov.br\/sitenovo\/canela-avanca-na-construcao-do-plano-municipal-de-turismo-para-os-proximos-quatro-anos\/","title":{"rendered":"Canela avan\u00e7a na constru\u00e7\u00e3o do Plano Municipal de Turismo para os pr\u00f3ximos quatro anos"},"content":{"rendered":"\n<p class=\"wp-block-paragraph\">A Prefeitura de Canela, por meio da Secretaria de Turismo e Cultura, promoveu nesta quinta-feira, dia 27 de agosto, um workshop para a elabora\u00e7\u00e3o do Plano Municipal de Turismo, que ir\u00e1 embasar as a\u00e7\u00f5es do segmento para o per\u00edodo de 2026 a 2030. O encontro reuniu representantes do trade tur\u00edstico, Poder P\u00fablico e comunidade, em uma programa\u00e7\u00e3o realizada ao longo de todo o dia, no Tri Hotel.<\/p>\n\n\n\n<p class=\"wp-block-paragraph\">O prefeito Gilberto Cezar destacou a import\u00e2ncia do planejamento conjunto para definir os caminhos do turismo de Canela nos pr\u00f3ximos anos. \u201cEstamos construindo um planejamento que olha para o futuro de Canela, ouvindo quem vive o turismo diariamente e estabelecendo a\u00e7\u00f5es que possam fortalecer o setor, gerar oportunidades e consolidar o munic\u00edpio como destino tur\u00edstico\u201d, afirma.<\/p>\n\n\n\n<p class=\"wp-block-paragraph\">Abrindo a programa\u00e7\u00e3o, o secret\u00e1rio municipal de Turismo, Athos Cunha, ressaltou que \u00e9 preciso planejar o futuro da \u00e1rea para que Canela se torne um destino de op\u00e7\u00e3o e n\u00e3o mais de passagem. \u201cPara isso, a presen\u00e7a da hotelaria, gastronomia e atrativos locais se faz extremamente importante para elencarmos nossos potenciais e as dificuldades que precisamos enfrentar para que o turismo cres\u00e7a\u201d, afirma.<\/p>\n\n\n\n<p class=\"wp-block-paragraph\">A diretora de Turismo, D\u00e9bora Toffoli, que tamb\u00e9m mediou as atividades, refor\u00e7ou a import\u00e2ncia da participa\u00e7\u00e3o dos diferentes segmentos na constru\u00e7\u00e3o do documento. \u201cQueremos que este plano seja constru\u00eddo de forma coletiva, considerando as necessidades do munic\u00edpio e apontando a\u00e7\u00f5es concretas para o desenvolvimento do turismo nos pr\u00f3ximos quatro anos\u201d, destaca.<\/p>\n\n\n\n<p class=\"wp-block-paragraph\">O gerente regional do Sebrae RS, Gustavo Rech, tamb\u00e9m abordou o trabalho conjunto como uma necessidade que deve ser destacada no planejamento para os pr\u00f3ximos quatro anos. \u201cJuntos sabemos que avan\u00e7aremos muito mais longe\u201d, disse.<\/p>\n\n\n\n<p class=\"wp-block-paragraph\">Abrindo os trabalhos do workshop, a consultora em Turismo do Sebrae, Ivane Favero, apresentou uma s\u00e9rie de dados relativos ao segmento tur\u00edstico em Canela, destacando aspectos que precisam ser considerados na elabora\u00e7\u00e3o do novo plano, como impactos do turismo, produtos a serem oferecidos, perfil do turista que se busca atrair e os desafios para o fortalecimento da atividade no munic\u00edpio.<\/p>\n\n\n\n<p class=\"wp-block-paragraph\">Ap\u00f3s as discuss\u00f5es iniciais, os participantes se dividiram em grupos para analisar os pontos fortes e fracos, as oportunidades e as amea\u00e7as relacionadas ao turismo de Canela. A din\u00e2mica permitiu que representantes de diferentes \u00e1reas contribu\u00edssem com percep\u00e7\u00f5es e propostas para o desenvolvimento do setor.<\/p>\n\n\n\n<p class=\"wp-block-paragraph\">Ao final, os principais pontos levantados foram compartilhados e debatidos entre todos os participantes. Entre os temas abordados estiveram governan\u00e7a, infraestrutura, pol\u00edticas p\u00fablicas, eventos, marketing, experi\u00eancias tur\u00edsticas, sustentabilidade e oferta tur\u00edstica, entre outras \u00e1reas consideradas estrat\u00e9gicas para o futuro do segmento.<\/p>\n\n\n\n<p class=\"wp-block-paragraph\">A constru\u00e7\u00e3o do Plano Municipal de Turismo busca, a partir das contribui\u00e7\u00f5es dos diferentes setores, estabelecer diretrizes e a\u00e7\u00f5es que possam orientar o desenvolvimento tur\u00edstico de Canela entre 2026 e 2030, fortalecendo a integra\u00e7\u00e3o entre iniciativa privada, entidades, comunidade e administra\u00e7\u00e3o municipal.<\/p>\n\n\n\n<p class=\"wp-block-paragraph\">Acompanharam o evento os secret\u00e1rios adjuntos de Turismo e Cultura, Jaison Remonti, e de Meio Ambiente e Urbanismo, Esthalin Moreira; a diretora de Turismo, D\u00e9bora Toffoli, mediadora das atividades; o diretor do Departamento de Cultura, Leonardo de Abreu; al\u00e9m de representantes do Sebrae, do Convention Regi\u00e3o das Hort\u00eansias, Abrasel Hort\u00eansias, entidades do setor e atrativos tur\u00edsticos.<\/p>\n\n\n\n<p class=\"wp-block-paragraph\"><\/p>\n\n\n\n<p class=\"wp-block-paragraph\"><em>Texto: Adriana Rabassa\/Prefeitura de Canela<\/em><\/p>\n","protected":false},"excerpt":{"rendered":"<p>A Prefeitura de Canela, por meio da Secretaria de Turismo e Cultura, promoveu nesta quinta-feira, dia 27 de agosto, um workshop para a elabora\u00e7\u00e3o do Plano Municipal de Turismo, que ir\u00e1 embasar as a\u00e7\u00f5es do segmento para o per\u00edodo de 2026 a 2030. O encontro reuniu representantes do trade tur\u00edstico, Poder P\u00fablico e comunidade, em [&hellip;]<\/p>\n","protected":false},"author":3,"featured_media":16440,"comment_status":"open","ping_status":"open","sticky":false,"template":"","format":"standard","meta":{"footnotes":""},"categories":[55,38],"tags":[],"class_list":["post-16439","post","type-post","status-publish","format-standard","has-post-thumbnail","hentry","category-post_turismo","category-post_gabinete-do-prefeito"],"_links":{"self":[{"href":"https:\/\/canela.rs.gov.br\/sitenovo\/wp-json\/wp\/v2\/posts\/16439","targetHints":{"allow":["GET"]}}],"collection":[{"href":"https:\/\/canela.rs.gov.br\/sitenovo\/wp-json\/wp\/v2\/posts"}],"about":[{"href":"https:\/\/canela.rs.gov.br\/sitenovo\/wp-json\/wp\/v2\/types\/post"}],"author":[{"embeddable":true,"href":"https:\/\/canela.rs.gov.br\/sitenovo\/wp-json\/wp\/v2\/users\/3"}],"replies":[{"embeddable":true,"href":"https:\/\/canela.rs.gov.br\/sitenovo\/wp-json\/wp\/v2\/comments?post=16439"}],"version-history":[{"count":3,"href":"https:\/\/canela.rs.gov.br\/sitenovo\/wp-json\/wp\/v2\/posts\/16439\/revisions"}],"predecessor-version":[{"id":16443,"href":"https:\/\/canela.rs.gov.br\/sitenovo\/wp-json\/wp\/v2\/posts\/16439\/revisions\/16443"}],"wp:featuredmedia":[{"embeddable":true,"href":"https:\/\/canela.rs.gov.br\/sitenovo\/wp-json\/wp\/v2\/media\/16440"}],"wp:attachment":[{"href":"https:\/\/canela.rs.gov.br\/sitenovo\/wp-json\/wp\/v2\/media?parent=16439"}],"wp:term":[{"taxonomy":"category","embeddable":true,"href":"https:\/\/canela.rs.gov.br\/sitenovo\/wp-json\/wp\/v2\/categories?post=16439"},{"taxonomy":"post_tag","embeddable":true,"href":"https:\/\/canela.rs.gov.br\/sitenovo\/wp-json\/wp\/v2\/tags?post=16439"}],"curies":[{"name":"wp","href":"https:\/\/api.w.org\/{rel}","templated":true}]}}