{"id":16436,"date":"2026-08-31T10:27:53","date_gmt":"2026-08-31T13:27:53","guid":{"rendered":"https:\/\/canela.rs.gov.br\/sitenovo\/?p=16436"},"modified":"2026-08-31T10:27:55","modified_gmt":"2026-08-31T13:27:55","slug":"quatro-agroindustrias-de-canela-participam-da-expointer-2026-em-esteio","status":"publish","type":"post","link":"https:\/\/canela.rs.gov.br\/sitenovo\/quatro-agroindustrias-de-canela-participam-da-expointer-2026-em-esteio\/","title":{"rendered":"Quatro agroind\u00fastrias de Canela participam da Expointer 2026, em Esteio"},"content":{"rendered":"\n<p class=\"wp-block-paragraph\">Produtos coloniais produzidos no interior de Canela est\u00e3o presentes na 49\u00aa Expointer, que teve in\u00edcio no s\u00e1bado (29) e segue at\u00e9 6 de setembro, no Parque Estadual de Exposi\u00e7\u00f5es Assis Brasil, em Esteio.<\/p>\n\n\n\n<p class=\"wp-block-paragraph\">Quatro agroind\u00fastrias de Canela participam da programa\u00e7\u00e3o da feira: Queijaria Alvorada Missioneira, S\u00edtio das Goiabeiras, Flor de Canela e Morro Cal\u00e7ado. Durante o evento, s\u00e3o comercializados produtos artesanais, como queijos, doce de leite, gel\u00e9ias e mel, entre outros itens produzidos pela agricultura familiar.<\/p>\n\n\n\n<p class=\"wp-block-paragraph\">A Expointer re\u00fane expositores de diferentes segmentos e conta com a participa\u00e7\u00e3o de produtores rurais, agroind\u00fastrias, artes\u00e3os e empresas ligadas ao setor, al\u00e9m de apresentar animais, m\u00e1quinas, equipamentos, tecnologias e servi\u00e7os.<\/p>\n\n\n\n<p class=\"wp-block-paragraph\">A presen\u00e7a das agroind\u00fastrias de Canela na feira possibilita a exposi\u00e7\u00e3o e comercializa\u00e7\u00e3o de produtos produzidos no munic\u00edpio junto a visitantes de diferentes regi\u00f5es do Estado.<\/p>\n\n\n\n<p class=\"wp-block-paragraph\"><\/p>\n","protected":false},"excerpt":{"rendered":"<p>Produtos coloniais produzidos no interior de Canela est\u00e3o presentes na 49\u00aa Expointer, que teve in\u00edcio no s\u00e1bado (29) e segue at\u00e9 6 de setembro, no Parque Estadual de Exposi\u00e7\u00f5es Assis Brasil, em Esteio. Quatro agroind\u00fastrias de Canela participam da programa\u00e7\u00e3o da feira: Queijaria Alvorada Missioneira, S\u00edtio das Goiabeiras, Flor de Canela e Morro Cal\u00e7ado. Durante [&hellip;]<\/p>\n","protected":false},"author":3,"featured_media":16437,"comment_status":"open","ping_status":"open","sticky":false,"template":"","format":"standard","meta":{"footnotes":""},"categories":[54],"tags":[],"class_list":["post-16436","post","type-post","status-publish","format-standard","has-post-thumbnail","hentry","category-post_agricultura"],"_links":{"self":[{"href":"https:\/\/canela.rs.gov.br\/sitenovo\/wp-json\/wp\/v2\/posts\/16436","targetHints":{"allow":["GET"]}}],"collection":[{"href":"https:\/\/canela.rs.gov.br\/sitenovo\/wp-json\/wp\/v2\/posts"}],"about":[{"href":"https:\/\/canela.rs.gov.br\/sitenovo\/wp-json\/wp\/v2\/types\/post"}],"author":[{"embeddable":true,"href":"https:\/\/canela.rs.gov.br\/sitenovo\/wp-json\/wp\/v2\/users\/3"}],"replies":[{"embeddable":true,"href":"https:\/\/canela.rs.gov.br\/sitenovo\/wp-json\/wp\/v2\/comments?post=16436"}],"version-history":[{"count":1,"href":"https:\/\/canela.rs.gov.br\/sitenovo\/wp-json\/wp\/v2\/posts\/16436\/revisions"}],"predecessor-version":[{"id":16438,"href":"https:\/\/canela.rs.gov.br\/sitenovo\/wp-json\/wp\/v2\/posts\/16436\/revisions\/16438"}],"wp:featuredmedia":[{"embeddable":true,"href":"https:\/\/canela.rs.gov.br\/sitenovo\/wp-json\/wp\/v2\/media\/16437"}],"wp:attachment":[{"href":"https:\/\/canela.rs.gov.br\/sitenovo\/wp-json\/wp\/v2\/media?parent=16436"}],"wp:term":[{"taxonomy":"category","embeddable":true,"href":"https:\/\/canela.rs.gov.br\/sitenovo\/wp-json\/wp\/v2\/categories?post=16436"},{"taxonomy":"post_tag","embeddable":true,"href":"https:\/\/canela.rs.gov.br\/sitenovo\/wp-json\/wp\/v2\/tags?post=16436"}],"curies":[{"name":"wp","href":"https:\/\/api.w.org\/{rel}","templated":true}]}}