{"id":16432,"date":"2026-08-31T08:55:26","date_gmt":"2026-08-31T11:55:26","guid":{"rendered":"https:\/\/canela.rs.gov.br\/sitenovo\/?p=16432"},"modified":"2026-08-31T08:55:27","modified_gmt":"2026-08-31T11:55:27","slug":"prefeitura-de-canela-decreta-situacao-de-emergencia-apos-temporal-de-granizo","status":"publish","type":"post","link":"https:\/\/canela.rs.gov.br\/sitenovo\/prefeitura-de-canela-decreta-situacao-de-emergencia-apos-temporal-de-granizo\/","title":{"rendered":"Prefeitura de Canela decreta situa\u00e7\u00e3o de emerg\u00eancia ap\u00f3s temporal de granizo"},"content":{"rendered":"\n<p class=\"wp-block-paragraph\"><br>A Prefeitura de Canela decretou, neste s\u00e1bado, 29, Situa\u00e7\u00e3o de Emerg\u00eancia, N\u00edvel II, em raz\u00e3o do forte temporal acompanhado de granizo e vendaval que atingiu o munic\u00edpio a partir da noite de sexta-feira, 28. A medida consta no Decreto n\u00ba 11.365, assinado pelo prefeito Gilberto Cezar.<\/p>\n\n\n\n<p class=\"wp-block-paragraph\">O evento foi classificado pela Classifica\u00e7\u00e3o e Codifica\u00e7\u00e3o Brasileira de Desastres (Cobrade) como Tempestade Local\/Convectiva \u2013 Granizo (1.3.2.1.3) e Vendaval (1.3.2.1.5). O temporal provocou danos no munic\u00edpio, especialmente em resid\u00eancias atingidas pela queda de granizo e pelos fortes ventos.<\/p>\n\n\n\n<p class=\"wp-block-paragraph\">A declara\u00e7\u00e3o de emerg\u00eancia considera tamb\u00e9m a previs\u00e3o de manuten\u00e7\u00e3o da instabilidade atmosf\u00e9rica na regi\u00e3o, com possibilidade de novos epis\u00f3dios de chuva intensa, rajadas de vento e queda de granizo. O decreto estabelece que eventuais novas ocorr\u00eancias da mesma natureza durante sua vig\u00eancia poder\u00e3o ser incorporadas aos registros da situa\u00e7\u00e3o de emerg\u00eancia.<\/p>\n\n\n\n<p class=\"wp-block-paragraph\">De acordo com o decreto, os danos registrados comprometeram parcialmente a capacidade de resposta do Munic\u00edpio, exigindo o emprego de recursos humanos, materiais e financeiros superiores aos normalmente dispon\u00edveis. Entre as principais necessidades est\u00e1 o fornecimento emergencial especialmente de lonas e telhas para prote\u00e7\u00e3o e recupera\u00e7\u00e3o das resid\u00eancias atingidas.<\/p>\n\n\n\n<p class=\"wp-block-paragraph\">Com a medida, todos os \u00f3rg\u00e3os e entidades da Administra\u00e7\u00e3o P\u00fablica Municipal ficam mobilizados, sob coordena\u00e7\u00e3o da Coordenadoria Municipal de Prote\u00e7\u00e3o e Defesa Civil, para atuar nas a\u00e7\u00f5es de resposta, assist\u00eancia \u00e0s fam\u00edlias atingidas, reabilita\u00e7\u00e3o dos locais afetados e reconstru\u00e7\u00e3o.<\/p>\n\n\n\n<p class=\"wp-block-paragraph\">O decreto tamb\u00e9m autoriza o Munic\u00edpio a solicitar apoio complementar \u00e0 Defesa Civil do Estado do Rio Grande do Sul e \u00e0 Secretaria Nacional de Prote\u00e7\u00e3o e Defesa Civil, incluindo telhas, lonas e demais materiais de constru\u00e7\u00e3o, conforme o levantamento dos danos realizado pelas equipes municipais.<\/p>\n\n\n\n<p class=\"wp-block-paragraph\">Outra medida prevista \u00e9 a possibilidade de dispensa de licita\u00e7\u00e3o para aquisi\u00e7\u00f5es de bens necess\u00e1rios ao atendimento da situa\u00e7\u00e3o de emerg\u00eancia e para determinadas obras e servi\u00e7os, observadas as condi\u00e7\u00f5es estabelecidas pela Lei Federal n\u00ba 14.133\/2021 e demais normas aplic\u00e1veis.<\/p>\n\n\n\n<p class=\"wp-block-paragraph\">O levantamento definitivo das fam\u00edlias e im\u00f3veis atingidos ainda est\u00e1 em andamento, com a atua\u00e7\u00e3o conjunta da Defesa Civil Municipal e da Secretaria Municipal de Assist\u00eancia Social., bem como com o apoio do Corpo de Bombeiros de Canela e da Defesa Civil de Gramado. A prioridade \u00e9 identificar as situa\u00e7\u00f5es de maior vulnerabilidade e urg\u00eancia, especialmente im\u00f3veis com comprometimento significativo dos telhados, entrada de \u00e1gua e presen\u00e7a de crian\u00e7as, idosos, gestantes, pessoas com defici\u00eancia e demais pessoas em situa\u00e7\u00e3o de vulnerabilidade social.<\/p>\n\n\n\n<p class=\"wp-block-paragraph\">O Decreto n\u00ba 11.365\/2026 entra em vigor na data de sua publica\u00e7\u00e3o e ter\u00e1 vig\u00eancia de 180 dias, podendo ser prorrogado enquanto persistirem as condi\u00e7\u00f5es excepcionais que motivaram a medida.<\/p>\n\n\n\n<p class=\"wp-block-paragraph\"><\/p>\n","protected":false},"excerpt":{"rendered":"<p>A Prefeitura de Canela decretou, neste s\u00e1bado, 29, Situa\u00e7\u00e3o de Emerg\u00eancia, N\u00edvel II, em raz\u00e3o do forte temporal acompanhado de granizo e vendaval que atingiu o munic\u00edpio a partir da noite de sexta-feira, 28. A medida consta no Decreto n\u00ba 11.365, assinado pelo prefeito Gilberto Cezar. O evento foi classificado pela Classifica\u00e7\u00e3o e Codifica\u00e7\u00e3o Brasileira [&hellip;]<\/p>\n","protected":false},"author":3,"featured_media":16433,"comment_status":"open","ping_status":"open","sticky":false,"template":"","format":"standard","meta":{"footnotes":""},"categories":[123,37],"tags":[],"class_list":["post-16432","post","type-post","status-publish","format-standard","has-post-thumbnail","hentry","category-defesa-civil","category-post_governo"],"_links":{"self":[{"href":"https:\/\/canela.rs.gov.br\/sitenovo\/wp-json\/wp\/v2\/posts\/16432","targetHints":{"allow":["GET"]}}],"collection":[{"href":"https:\/\/canela.rs.gov.br\/sitenovo\/wp-json\/wp\/v2\/posts"}],"about":[{"href":"https:\/\/canela.rs.gov.br\/sitenovo\/wp-json\/wp\/v2\/types\/post"}],"author":[{"embeddable":true,"href":"https:\/\/canela.rs.gov.br\/sitenovo\/wp-json\/wp\/v2\/users\/3"}],"replies":[{"embeddable":true,"href":"https:\/\/canela.rs.gov.br\/sitenovo\/wp-json\/wp\/v2\/comments?post=16432"}],"version-history":[{"count":1,"href":"https:\/\/canela.rs.gov.br\/sitenovo\/wp-json\/wp\/v2\/posts\/16432\/revisions"}],"predecessor-version":[{"id":16434,"href":"https:\/\/canela.rs.gov.br\/sitenovo\/wp-json\/wp\/v2\/posts\/16432\/revisions\/16434"}],"wp:featuredmedia":[{"embeddable":true,"href":"https:\/\/canela.rs.gov.br\/sitenovo\/wp-json\/wp\/v2\/media\/16433"}],"wp:attachment":[{"href":"https:\/\/canela.rs.gov.br\/sitenovo\/wp-json\/wp\/v2\/media?parent=16432"}],"wp:term":[{"taxonomy":"category","embeddable":true,"href":"https:\/\/canela.rs.gov.br\/sitenovo\/wp-json\/wp\/v2\/categories?post=16432"},{"taxonomy":"post_tag","embeddable":true,"href":"https:\/\/canela.rs.gov.br\/sitenovo\/wp-json\/wp\/v2\/tags?post=16432"}],"curies":[{"name":"wp","href":"https:\/\/api.w.org\/{rel}","templated":true}]}}