{"id":16428,"date":"2026-08-31T08:32:58","date_gmt":"2026-08-31T11:32:58","guid":{"rendered":"https:\/\/canela.rs.gov.br\/sitenovo\/?p=16428"},"modified":"2026-08-31T09:05:17","modified_gmt":"2026-08-31T12:05:17","slug":"desfile-de-7-de-setembro-reunira-mais-de-60-entidades-em-canela","status":"publish","type":"post","link":"https:\/\/canela.rs.gov.br\/sitenovo\/desfile-de-7-de-setembro-reunira-mais-de-60-entidades-em-canela\/","title":{"rendered":"Desfile de 7 de Setembro reunir\u00e1 mais de 60 entidades em Canela"},"content":{"rendered":"\n<p class=\"wp-block-paragraph\">Um dos pontos altos da Semana da P\u00e1tria em Canela, o Desfile C\u00edvico de 7 de Setembro reunir\u00e1 61 alas, com a participa\u00e7\u00e3o de escolas, institui\u00e7\u00f5es sociais e organiza\u00e7\u00f5es militares. O evento promete mobilizar a comunidade em uma demonstra\u00e7\u00e3o de civismo, integra\u00e7\u00e3o e valoriza\u00e7\u00e3o dos s\u00edmbolos nacionais.<\/p>\n\n\n\n<p class=\"wp-block-paragraph\">A programa\u00e7\u00e3o ter\u00e1 in\u00edcio \u00e0s 13h45, com a cerim\u00f4nia de abertura, que contar\u00e1 com a presen\u00e7a do prefeito Gilberto Cezar e de demais autoridades municipais, na regi\u00e3o da Rua Felisberto Soares com a Avenida Jo\u00e3o Corr\u00eaa. Em seguida \u00e0s 14h, inicia o desfile c\u00edvico.<\/p>\n\n\n\n<p class=\"wp-block-paragraph\"><strong>Projeto de Bandas de Percuss\u00e3o<\/strong><\/p>\n\n\n\n<p class=\"wp-block-paragraph\">De acordo com o maestro Rog\u00e9rio Heurich, coordenador do Projeto de Bandas de Percuss\u00e3o, desenvolvido pela Secretaria Municipal de Educa\u00e7\u00e3o, Esporte e Lazer, a iniciativa vem crescendo ao longo dos anos e ampliando sua participa\u00e7\u00e3o, contribuindo para dar ainda mais destaque ao Desfile C\u00edvico.<\/p>\n\n\n\n<p class=\"wp-block-paragraph\">Atualmente, o projeto conta com nove bandas de percuss\u00e3o e uma banda marcial. Al\u00e9m dos grupos vinculados ao projeto, o desfile ter\u00e1 a participa\u00e7\u00e3o da tradicional Banda Marcial e da Banda Mirim da Escola Estadual Neusa Mari Pacheco, al\u00e9m da Banda do Padre Franco, vinculada a um projeto social.<\/p>\n\n\n\n<p class=\"wp-block-paragraph\">\u201cO projeto tem contribu\u00eddo para a educa\u00e7\u00e3o musical, a disciplina, a integra\u00e7\u00e3o, o trabalho em equipe e o desenvolvimento art\u00edstico dos alunos, tornando-se uma importante a\u00e7\u00e3o de forma\u00e7\u00e3o cultural e musical\u201d, destaca o maestro Rog\u00e9rio Heurich.<\/p>\n\n\n\n<p class=\"wp-block-paragraph\">O Projeto de Bandas contempla cerca de 250 alunos da Rede de Ensino de Canela. A Banda Marcial da Escola Neusa Mari Pacheco(rede estadual) conta com aproximadamente 70 componentes, enquanto a Banda Mirim re\u00fane cerca de 45 integrantes. J\u00e1 a Banda do Padre Franco ter\u00e1 aproximadamente 35 participantes.<\/p>\n\n\n\n<p class=\"wp-block-paragraph\">Em caso de chuva, o Desfile C\u00edvico ser\u00e1 transferido para o dia 20 de setembro, no mesmo hor\u00e1rio.<\/p>\n\n\n\n<p class=\"wp-block-paragraph\"><br><strong>Semana da P\u00e1tria<\/strong><\/p>\n\n\n\n<p class=\"wp-block-paragraph\">A programa\u00e7\u00e3o oficial da Semana da P\u00e1tria ocorrer\u00e1 de 1\u00ba a 4 de setembro, com cerim\u00f4nias di\u00e1rias de hasteamento e arriamento das bandeiras em frente \u00e0 Prefeitura Municipal, com participa\u00e7\u00e3o de representantes das Secretarias e Departamentos Municipais.<\/p>\n\n\n\n<p class=\"wp-block-paragraph\"><strong>Confira a ordem do Desfile C\u00edvico 2026:<\/strong><\/p>\n\n\n\n<p class=\"wp-block-paragraph\"> <strong>01. Banda Marcial Neusa Mari Pacheco<\/strong><\/p>\n\n\n\n<p class=\"wp-block-paragraph\">02. Bombeiros<\/p>\n\n\n\n<p class=\"wp-block-paragraph\">03. Brigada Militar\/PROERD\/Patran<\/p>\n\n\n\n<p class=\"wp-block-paragraph\">04. SAMU<\/p>\n\n\n\n<p class=\"wp-block-paragraph\"><strong>05. Banda de Percuss\u00e3o da EMEIEFE Rodolfo Schlieper<\/strong><\/p>\n\n\n\n<p class=\"wp-block-paragraph\">EMEIEFE Rodolfo Schlieper<\/p>\n\n\n\n<p class=\"wp-block-paragraph\">06. APAE<\/p>\n\n\n\n<p class=\"wp-block-paragraph\">07. Rotary Club<\/p>\n\n\n\n<p class=\"wp-block-paragraph\">08. CADIE<\/p>\n\n\n\n<p class=\"wp-block-paragraph\">09. Ber\u00e7\u00e1rios da Educa\u00e7\u00e3o Infantil<\/p>\n\n\n\n<p class=\"wp-block-paragraph\">10. EMEI Alice Wortmann<\/p>\n\n\n\n<p class=\"wp-block-paragraph\">11. EMEI C\u00f3ra Cunha Vianna<\/p>\n\n\n\n<p class=\"wp-block-paragraph\">12. EMEI \u00cdtala Reis<\/p>\n\n\n\n<p class=\"wp-block-paragraph\"><strong>13. Banda de Percuss\u00e3o da EMEIEF Santa Terezinha<\/strong><\/p>\n\n\n\n<p class=\"wp-block-paragraph\">EMEIEF Santa Terezinha<\/p>\n\n\n\n<p class=\"wp-block-paragraph\">14. EMEI Diva Pedroso da Cunha<\/p>\n\n\n\n<p class=\"wp-block-paragraph\">15. EMEI Eva Alzira Bianchi<\/p>\n\n\n\n<p class=\"wp-block-paragraph\">16. EMEI Selma Port Hermann<\/p>\n\n\n\n<p class=\"wp-block-paragraph\">17. EMEI Sylvio Hoffmann<\/p>\n\n\n\n<p class=\"wp-block-paragraph\">18. EMEI Serafina Seibt<\/p>\n\n\n\n<p class=\"wp-block-paragraph\">19. Escola Infantil Carmem Schilieper (ACEAI)<\/p>\n\n\n\n<p class=\"wp-block-paragraph\">20. Escola Infantil Adriana Spall<\/p>\n\n\n\n<p class=\"wp-block-paragraph\"><strong>21. Banda de Percuss\u00e3o da EMEIEF Ernesto Dornelles<\/strong><\/p>\n\n\n\n<p class=\"wp-block-paragraph\">EMEIEF Ernesto Dornelles<\/p>\n\n\n\n<p class=\"wp-block-paragraph\">22. Escola Infantil Jardim das Hort\u00eansias I<\/p>\n\n\n\n<p class=\"wp-block-paragraph\">23. Escola Infantil Jardim das Hort\u00eansias II<\/p>\n\n\n\n<p class=\"wp-block-paragraph\">24. Escola Infantil Evaldo Port<\/p>\n\n\n\n<p class=\"wp-block-paragraph\">25. Escola Infantil Ingo Lied<\/p>\n\n\n\n<p class=\"wp-block-paragraph\">26. Escola Infantil Sandra Renck<\/p>\n\n\n\n<p class=\"wp-block-paragraph\"><strong>27. Banda Mirim NMP<\/strong><\/p>\n\n\n\n<p class=\"wp-block-paragraph\">28. Escola Infantil Alzemiro Boeira dos Reis<\/p>\n\n\n\n<p class=\"wp-block-paragraph\">29. Escola Infantil Ari Dalanholi<\/p>\n\n\n\n<p class=\"wp-block-paragraph\">30. Escola Infantil Lucimara Basei<\/p>\n\n\n\n<p class=\"wp-block-paragraph\">31. Oficina da crian\u00e7a (ASSEDOC)<\/p>\n\n\n\n<p class=\"wp-block-paragraph\">32. CNEC<\/p>\n\n\n\n<p class=\"wp-block-paragraph\"><strong>33. Banda Marcial da EMEIEF Severino Travi<\/strong><\/p>\n\n\n\n<p class=\"wp-block-paragraph\">EMEIEF Severino Travi<\/p>\n\n\n\n<p class=\"wp-block-paragraph\">34. Academia Municipal<\/p>\n\n\n\n<p class=\"wp-block-paragraph\">35. CEMPRA<\/p>\n\n\n\n<p class=\"wp-block-paragraph\">36. Aldeia Ind\u00edgena Tekoa Kurity<\/p>\n\n\n\n<p class=\"wp-block-paragraph\"><strong>37. Banda de Percuss\u00e3o da EMEIEF Dante Bertoluci<\/strong><\/p>\n\n\n\n<p class=\"wp-block-paragraph\">EMEIEF Dante Bertoluci<\/p>\n\n\n\n<p class=\"wp-block-paragraph\">38. Lions Club<\/p>\n\n\n\n<p class=\"wp-block-paragraph\">39. Rotary Club Inspira\u00e7\u00e3o<\/p>\n\n\n\n<p class=\"wp-block-paragraph\">40. EEIEF Jagtyg Fik\u00f3g<\/p>\n\n\n\n<p class=\"wp-block-paragraph\"><strong>41. Banda de Percuss\u00e3o da EMEIEF Bar\u00e3o do Rio Branco<\/strong><\/p>\n\n\n\n<p class=\"wp-block-paragraph\">EMEIEF Bar\u00e3o do Rio Branco<\/p>\n\n\n\n<p class=\"wp-block-paragraph\">42. EMEIEFI Noeli de Azevedo<\/p>\n\n\n\n<p class=\"wp-block-paragraph\">43. Casa On\u00e3<\/p>\n\n\n\n<p class=\"wp-block-paragraph\"><strong>44. Banda de Percuss\u00e3o das Escolas do Interior<\/strong><\/p>\n\n\n\n<p class=\"wp-block-paragraph\">45 EMEIEF Baldu\u00edno Boelter<\/p>\n\n\n\n<p class=\"wp-block-paragraph\">46. EMEIEF Zeferino Jos\u00e9 Lopes<\/p>\n\n\n\n<p class=\"wp-block-paragraph\">47. EMEIEF Santos Dumont<\/p>\n\n\n\n<p class=\"wp-block-paragraph\">48. EMEIEF Machado de Assis<\/p>\n\n\n\n<p class=\"wp-block-paragraph\"><strong>49. Banda de Percuss\u00e3o Padre Franco<\/strong><\/p>\n\n\n\n<p class=\"wp-block-paragraph\">Projeto Social Pe. Franco<\/p>\n\n\n\n<p class=\"wp-block-paragraph\">50. Grupo de Escoteiros Abaet\u00ea<\/p>\n\n\n\n<p class=\"wp-block-paragraph\"><strong>51 Banda de Percuss\u00e3o da EMEIEF Jo\u00e3o Alfredo<\/strong><\/p>\n\n\n\n<p class=\"wp-block-paragraph\">EMEIEF Jo\u00e3o Alfredo Corr\u00eaa Pinto<\/p>\n\n\n\n<p class=\"wp-block-paragraph\">52. Projeto Social Ohana<\/p>\n\n\n\n<p class=\"wp-block-paragraph\">53. Associa\u00e7\u00e3o Aqu\u00e1tica das Hort\u00eansias<\/p>\n\n\n\n<p class=\"wp-block-paragraph\">54. Cap\u00edtulo da Ordem Demolay &#8211; Cavaleiros da Virtude n\u00ba 1027<\/p>\n\n\n\n<p class=\"wp-block-paragraph\"><strong>55. Banda de Percuss\u00e3o da EMEIEF C\u00f4nego Jo\u00e3o Marchesi<\/strong><\/p>\n\n\n\n<p class=\"wp-block-paragraph\">EMEIEF C\u00f4nego Jo\u00e3o Marchesi<\/p>\n\n\n\n<p class=\"wp-block-paragraph\">56. UNIASSELVI<\/p>\n\n\n\n<p class=\"wp-block-paragraph\">57. Defesa Civil<\/p>\n\n\n\n<p class=\"wp-block-paragraph\"><strong>58. Banda de Percuss\u00e3o da EMEIEF Bertholdo Opptiz<\/strong><\/p>\n\n\n\n<p class=\"wp-block-paragraph\">EMEIEF Bertholdo Oppitz<\/p>\n\n\n\n<p class=\"wp-block-paragraph\">59. Equipe Mato ou Morro<\/p>\n\n\n\n<p class=\"wp-block-paragraph\"><strong>60. Bandas do Munic\u00edpio<\/strong><\/p>\n\n\n\n<p class=\"wp-block-paragraph\">SMEEL<\/p>\n\n\n\n<p class=\"wp-block-paragraph\">61. CTG Quer\u00eancia<\/p>\n\n\n\n<p class=\"wp-block-paragraph\"><\/p>\n","protected":false},"excerpt":{"rendered":"<p>Um dos pontos altos da Semana da P\u00e1tria em Canela, o Desfile C\u00edvico de 7 de Setembro reunir\u00e1 61 alas, com a participa\u00e7\u00e3o de escolas, institui\u00e7\u00f5es sociais e organiza\u00e7\u00f5es militares. O evento promete mobilizar a comunidade em uma demonstra\u00e7\u00e3o de civismo, integra\u00e7\u00e3o e valoriza\u00e7\u00e3o dos s\u00edmbolos nacionais. A programa\u00e7\u00e3o ter\u00e1 in\u00edcio \u00e0s 13h45, com a [&hellip;]<\/p>\n","protected":false},"author":3,"featured_media":16430,"comment_status":"open","ping_status":"open","sticky":false,"template":"","format":"standard","meta":{"footnotes":""},"categories":[164,45],"tags":[],"class_list":["post-16428","post","type-post","status-publish","format-standard","has-post-thumbnail","hentry","category-destaque","category-post_educacao"],"_links":{"self":[{"href":"https:\/\/canela.rs.gov.br\/sitenovo\/wp-json\/wp\/v2\/posts\/16428","targetHints":{"allow":["GET"]}}],"collection":[{"href":"https:\/\/canela.rs.gov.br\/sitenovo\/wp-json\/wp\/v2\/posts"}],"about":[{"href":"https:\/\/canela.rs.gov.br\/sitenovo\/wp-json\/wp\/v2\/types\/post"}],"author":[{"embeddable":true,"href":"https:\/\/canela.rs.gov.br\/sitenovo\/wp-json\/wp\/v2\/users\/3"}],"replies":[{"embeddable":true,"href":"https:\/\/canela.rs.gov.br\/sitenovo\/wp-json\/wp\/v2\/comments?post=16428"}],"version-history":[{"count":2,"href":"https:\/\/canela.rs.gov.br\/sitenovo\/wp-json\/wp\/v2\/posts\/16428\/revisions"}],"predecessor-version":[{"id":16435,"href":"https:\/\/canela.rs.gov.br\/sitenovo\/wp-json\/wp\/v2\/posts\/16428\/revisions\/16435"}],"wp:featuredmedia":[{"embeddable":true,"href":"https:\/\/canela.rs.gov.br\/sitenovo\/wp-json\/wp\/v2\/media\/16430"}],"wp:attachment":[{"href":"https:\/\/canela.rs.gov.br\/sitenovo\/wp-json\/wp\/v2\/media?parent=16428"}],"wp:term":[{"taxonomy":"category","embeddable":true,"href":"https:\/\/canela.rs.gov.br\/sitenovo\/wp-json\/wp\/v2\/categories?post=16428"},{"taxonomy":"post_tag","embeddable":true,"href":"https:\/\/canela.rs.gov.br\/sitenovo\/wp-json\/wp\/v2\/tags?post=16428"}],"curies":[{"name":"wp","href":"https:\/\/api.w.org\/{rel}","templated":true}]}}