{"id":16425,"date":"2026-08-31T08:26:41","date_gmt":"2026-08-31T11:26:41","guid":{"rendered":"https:\/\/canela.rs.gov.br\/sitenovo\/?p=16425"},"modified":"2026-08-31T08:26:42","modified_gmt":"2026-08-31T11:26:42","slug":"ruas-tenente-manoel-correa-altenor-de-souza-e-paul-harris-terao-alteracao-de-sentido-a-partir-de-1o-de-setembro","status":"publish","type":"post","link":"https:\/\/canela.rs.gov.br\/sitenovo\/ruas-tenente-manoel-correa-altenor-de-souza-e-paul-harris-terao-alteracao-de-sentido-a-partir-de-1o-de-setembro\/","title":{"rendered":"Ruas Tenente Manoel Corr\u00eaa, Altenor de Souza e Paul Harris ter\u00e3o altera\u00e7\u00e3o de sentido a partir de 1\u00ba de setembro"},"content":{"rendered":"\n<p class=\"wp-block-paragraph\">Ap\u00f3s estudo do tr\u00e1fego vi\u00e1rio na regi\u00e3o, o Departamento de Tr\u00e2nsito da Secretaria Municipal de Seguran\u00e7a P\u00fablica, Mobilidade e Fiscaliza\u00e7\u00e3o implementar\u00e1, a partir de ter\u00e7a-feira, dia 1\u00ba de setembro, altera\u00e7\u00f5es no sentido de circula\u00e7\u00e3o das ruas Tenente Manoel Corr\u00eaa, Altenor de Souza e Paul Harris, no Centro de Canela.<\/p>\n\n\n\n<p class=\"wp-block-paragraph\">A mudan\u00e7a ocorrer\u00e1 da seguinte forma:<\/p>\n\n\n\n<p class=\"wp-block-paragraph\">-Rua Tenente Manoel Corr\u00eaa: os ve\u00edculos que ingressarem pela rua Get\u00falio Vargas dever\u00e3o seguir em sentido \u00fanico pela Tenente Manoel Corr\u00eaa, no sentido Gramado\/Canela. Ao chegar \u00e0 rua Paul Harris, ser\u00e1 permitida a convers\u00e3o para ambos os lados.<br>-Rua Paul Harris: ter\u00e1 sentido \u00fanico de circula\u00e7\u00e3o, no sentido de descida, entre a rua Tenente Manoel Corr\u00eaa e a rua Augusto Pestana, na quadra da Escola Estadual Jo\u00e3o Corr\u00eaa. A partir desse ponto, permanece o fluxo habitual, em sentido duplo.<br>-Rua Altenor de Souza: os ve\u00edculos que ingressarem pela Paul Harris dever\u00e3o seguir em sentido \u00fanico at\u00e9 a rua Get\u00falio Vargas, no sentido Canela\/Gramado.<\/p>\n\n\n\n<p class=\"wp-block-paragraph\">Segundo o Departamento de Tr\u00e2nsito, a altera\u00e7\u00e3o foi definida a partir de um estudo realizado com o objetivo de melhorar a fluidez do tr\u00e1fego e desafogar a circula\u00e7\u00e3o nessa regi\u00e3o da cidade. O trecho registra grande volume de ve\u00edculos, especialmente nos hor\u00e1rios de entrada e sa\u00edda dos alunos da Escola Estadual Jo\u00e3o Corr\u00eaa.<\/p>\n\n\n\n<p class=\"wp-block-paragraph\">A orienta\u00e7\u00e3o \u00e9 para que os motoristas fiquem atentos \u00e0 nova sinaliza\u00e7\u00e3o e aos novos sentidos de circula\u00e7\u00e3o a partir do dia 1\u00ba de setembro.<\/p>\n\n\n\n<p class=\"wp-block-paragraph\"><em>Texto: Adriana Rabassa\/Prefeitura de Canela<\/em><\/p>\n","protected":false},"excerpt":{"rendered":"<p>Ap\u00f3s estudo do tr\u00e1fego vi\u00e1rio na regi\u00e3o, o Departamento de Tr\u00e2nsito da Secretaria Municipal de Seguran\u00e7a P\u00fablica, Mobilidade e Fiscaliza\u00e7\u00e3o implementar\u00e1, a partir de ter\u00e7a-feira, dia 1\u00ba de setembro, altera\u00e7\u00f5es no sentido de circula\u00e7\u00e3o das ruas Tenente Manoel Corr\u00eaa, Altenor de Souza e Paul Harris, no Centro de Canela. A mudan\u00e7a ocorrer\u00e1 da seguinte forma: [&hellip;]<\/p>\n","protected":false},"author":3,"featured_media":16426,"comment_status":"open","ping_status":"open","sticky":false,"template":"","format":"standard","meta":{"footnotes":""},"categories":[51],"tags":[],"class_list":["post-16425","post","type-post","status-publish","format-standard","has-post-thumbnail","hentry","category-post_transito"],"_links":{"self":[{"href":"https:\/\/canela.rs.gov.br\/sitenovo\/wp-json\/wp\/v2\/posts\/16425","targetHints":{"allow":["GET"]}}],"collection":[{"href":"https:\/\/canela.rs.gov.br\/sitenovo\/wp-json\/wp\/v2\/posts"}],"about":[{"href":"https:\/\/canela.rs.gov.br\/sitenovo\/wp-json\/wp\/v2\/types\/post"}],"author":[{"embeddable":true,"href":"https:\/\/canela.rs.gov.br\/sitenovo\/wp-json\/wp\/v2\/users\/3"}],"replies":[{"embeddable":true,"href":"https:\/\/canela.rs.gov.br\/sitenovo\/wp-json\/wp\/v2\/comments?post=16425"}],"version-history":[{"count":1,"href":"https:\/\/canela.rs.gov.br\/sitenovo\/wp-json\/wp\/v2\/posts\/16425\/revisions"}],"predecessor-version":[{"id":16429,"href":"https:\/\/canela.rs.gov.br\/sitenovo\/wp-json\/wp\/v2\/posts\/16425\/revisions\/16429"}],"wp:featuredmedia":[{"embeddable":true,"href":"https:\/\/canela.rs.gov.br\/sitenovo\/wp-json\/wp\/v2\/media\/16426"}],"wp:attachment":[{"href":"https:\/\/canela.rs.gov.br\/sitenovo\/wp-json\/wp\/v2\/media?parent=16425"}],"wp:term":[{"taxonomy":"category","embeddable":true,"href":"https:\/\/canela.rs.gov.br\/sitenovo\/wp-json\/wp\/v2\/categories?post=16425"},{"taxonomy":"post_tag","embeddable":true,"href":"https:\/\/canela.rs.gov.br\/sitenovo\/wp-json\/wp\/v2\/tags?post=16425"}],"curies":[{"name":"wp","href":"https:\/\/api.w.org\/{rel}","templated":true}]}}