{"id":16422,"date":"2026-08-31T08:20:46","date_gmt":"2026-08-31T11:20:46","guid":{"rendered":"https:\/\/canela.rs.gov.br\/sitenovo\/?p=16422"},"modified":"2026-08-31T08:23:01","modified_gmt":"2026-08-31T11:23:01","slug":"prefeito-gilberto-cezar-recebeu-coordenador-estadual-da-defesa-civil-neste-sabado","status":"publish","type":"post","link":"https:\/\/canela.rs.gov.br\/sitenovo\/prefeito-gilberto-cezar-recebeu-coordenador-estadual-da-defesa-civil-neste-sabado\/","title":{"rendered":"Prefeito Gilberto Cezar recebeu coordenador estadual da Defesa Civil neste s\u00e1bado"},"content":{"rendered":"\n<p class=\"wp-block-paragraph\">O prefeito de Canela, Gilberto Cezar, recebeu neste s\u00e1bado (29) o coordenador estadual de Prote\u00e7\u00e3o e Defesa Civil e chefe da Casa Militar, coronel Luciano Chaves Boeira, para acompanhar a situa\u00e7\u00e3o do munic\u00edpio ap\u00f3s o forte temporal com queda de granizo registrado na noite de sexta-feira (28).<\/p>\n\n\n\n<p class=\"wp-block-paragraph\">O encontro ocorreu em meio \u00e0 mobiliza\u00e7\u00e3o das equipes municipais para atender os danos provocados pela tempestade. Conforme o balan\u00e7o da Defesa Civil, at\u00e9 o momento, mais de 500 solicita\u00e7\u00f5es foram recebidas via cadastro para atendimento a resid\u00eancias que tiveram danos ap\u00f3s serem atingidas pelo granizo em Canela.<\/p>\n\n\n\n<p class=\"wp-block-paragraph\">Os principais danos est\u00e3o relacionados a perfura\u00e7\u00f5es e avarias em telhados, quebra e deslocamento de telhas, destelhamentos parciais, infiltra\u00e7\u00f5es e entrada de \u00e1gua nas resid\u00eancias.<\/p>\n\n\n\n<p class=\"wp-block-paragraph\">A atua\u00e7\u00e3o come\u00e7ou ainda na noite de sexta-feira. Com a coordena\u00e7\u00e3o da Defesa Civil de Canela e apoio da Defesa Civil de Gramado, Corpo de Bombeiros de Canela e Secretarias Municipais. O centro de opera\u00e7\u00f5es foi montado junto ao Corpo de Bombeiros onde foram realizados os atendimentos e a distribui\u00e7\u00e3o de lonas para mais de 300 fam\u00edlias, enquanto as equipes permaneceram mobilizadas durante toda a madrugada. Nas \u00faltimas 24 horas, Canela acumulou 68,6 mil\u00edmetros de chuva.<\/p>\n\n\n\n<p class=\"wp-block-paragraph\">Durante a visita, Gilberto Cezar e Luciano Boeira acompanharam o trabalho realizado no munic\u00edpio e avaliaram os impactos do temporal e as necessidades para a continuidade do atendimento \u00e0 popula\u00e7\u00e3o.<\/p>\n\n\n\n<p class=\"wp-block-paragraph\">\u201cDesde o primeiro momento colocamos nossas equipes nas ruas e mobilizamos toda a estrutura necess\u00e1ria para atender as fam\u00edlias. A presen\u00e7a do coronel Luciano Boeira em Canela demonstra que estamos trabalhando de forma integrada com o Estado. Agora, nosso foco \u00e9 dar todo o suporte necess\u00e1rio \u00e0s pessoas atingidas e trabalhar para que a cidade supere rapidamente os danos causados pelo temporal\u201d, destacou Gilberto Cezar.<\/p>\n\n\n\n<p class=\"wp-block-paragraph\">Pouco antes da ocorr\u00eancia, \u00e0s 22h42 de sexta-feira, a Defesa Civil do Rio Grande do Sul emitiu um alerta severo pelo sistema Cell Broadcast diretamente para os celulares de pessoas que estavam nas proximidades de Canela e Gramado, informando sobre a aproxima\u00e7\u00e3o de tempestades com granizo e vento.<\/p>\n\n\n\n<p class=\"wp-block-paragraph\">Os atendimentos seguem neste Domingo, com prioridade para as situa\u00e7\u00f5es de maior urg\u00eancia, especialmente im\u00f3veis com grande comprometimento dos telhados e resid\u00eancias com entrada intensa de \u00e1gua, al\u00e9m de fam\u00edlias com crian\u00e7as, idosos, gestantes e pessoas em situa\u00e7\u00e3o de vulnerabilidade.<\/p>\n\n\n\n<p class=\"wp-block-paragraph\">A Prefeitura de Canela segue com suas equipes mobilizadas no levantamento dos danos, atendimento das solicita\u00e7\u00f5es e assist\u00eancia \u00e0s fam\u00edlias atingidas, mantendo contato permanente com a Defesa Civil Estadual diante da possibilidade de novas ocorr\u00eancias meteorol\u00f3gicas.<\/p>\n\n\n\n<p class=\"wp-block-paragraph\"><\/p>\n","protected":false},"excerpt":{"rendered":"<p>O prefeito de Canela, Gilberto Cezar, recebeu neste s\u00e1bado (29) o coordenador estadual de Prote\u00e7\u00e3o e Defesa Civil e chefe da Casa Militar, coronel Luciano Chaves Boeira, para acompanhar a situa\u00e7\u00e3o do munic\u00edpio ap\u00f3s o forte temporal com queda de granizo registrado na noite de sexta-feira (28). O encontro ocorreu em meio \u00e0 mobiliza\u00e7\u00e3o das [&hellip;]<\/p>\n","protected":false},"author":3,"featured_media":16423,"comment_status":"open","ping_status":"open","sticky":false,"template":"","format":"standard","meta":{"footnotes":""},"categories":[123,164],"tags":[],"class_list":["post-16422","post","type-post","status-publish","format-standard","has-post-thumbnail","hentry","category-defesa-civil","category-destaque"],"_links":{"self":[{"href":"https:\/\/canela.rs.gov.br\/sitenovo\/wp-json\/wp\/v2\/posts\/16422","targetHints":{"allow":["GET"]}}],"collection":[{"href":"https:\/\/canela.rs.gov.br\/sitenovo\/wp-json\/wp\/v2\/posts"}],"about":[{"href":"https:\/\/canela.rs.gov.br\/sitenovo\/wp-json\/wp\/v2\/types\/post"}],"author":[{"embeddable":true,"href":"https:\/\/canela.rs.gov.br\/sitenovo\/wp-json\/wp\/v2\/users\/3"}],"replies":[{"embeddable":true,"href":"https:\/\/canela.rs.gov.br\/sitenovo\/wp-json\/wp\/v2\/comments?post=16422"}],"version-history":[{"count":1,"href":"https:\/\/canela.rs.gov.br\/sitenovo\/wp-json\/wp\/v2\/posts\/16422\/revisions"}],"predecessor-version":[{"id":16424,"href":"https:\/\/canela.rs.gov.br\/sitenovo\/wp-json\/wp\/v2\/posts\/16422\/revisions\/16424"}],"wp:featuredmedia":[{"embeddable":true,"href":"https:\/\/canela.rs.gov.br\/sitenovo\/wp-json\/wp\/v2\/media\/16423"}],"wp:attachment":[{"href":"https:\/\/canela.rs.gov.br\/sitenovo\/wp-json\/wp\/v2\/media?parent=16422"}],"wp:term":[{"taxonomy":"category","embeddable":true,"href":"https:\/\/canela.rs.gov.br\/sitenovo\/wp-json\/wp\/v2\/categories?post=16422"},{"taxonomy":"post_tag","embeddable":true,"href":"https:\/\/canela.rs.gov.br\/sitenovo\/wp-json\/wp\/v2\/tags?post=16422"}],"curies":[{"name":"wp","href":"https:\/\/api.w.org\/{rel}","templated":true}]}}