{"id":16386,"date":"2026-08-27T16:54:44","date_gmt":"2026-08-27T19:54:44","guid":{"rendered":"https:\/\/canela.rs.gov.br\/sitenovo\/?p=16386"},"modified":"2026-08-27T16:54:45","modified_gmt":"2026-08-27T19:54:45","slug":"cempra-realiza-feira-de-adocao-em-clinica-veterinaria-neste-sabado","status":"publish","type":"post","link":"https:\/\/canela.rs.gov.br\/sitenovo\/cempra-realiza-feira-de-adocao-em-clinica-veterinaria-neste-sabado\/","title":{"rendered":"Cempra realiza feira de ado\u00e7\u00e3o em cl\u00ednica veterin\u00e1ria neste s\u00e1bado"},"content":{"rendered":"\n<p class=\"wp-block-paragraph\">O Centro de Prote\u00e7\u00e3o Animal (Cempra) de Canela participar\u00e1 da programa\u00e7\u00e3o de anivers\u00e1rio dos 31 anos da cl\u00ednica veterin\u00e1ria Pet Center, neste s\u00e1bado, dia 29 de agosto, levando sua tradicional feira de ado\u00e7\u00e3o. Das 9h \u00e0s 12h, o p\u00fablico que participar das atividades tamb\u00e9m poder\u00e1 conhecer os c\u00e3es abrigados pela Prefeitura de Canela que est\u00e3o dispon\u00edveis para ado\u00e7\u00e3o respons\u00e1vel.<\/p>\n\n\n\n<p class=\"wp-block-paragraph\">Al\u00e9m da feira de ado\u00e7\u00e3o do Cempra, a programa\u00e7\u00e3o contar\u00e1 com campanha de vacina\u00e7\u00e3o contra a raiva, com aplica\u00e7\u00e3o da vacina antirr\u00e1bica pela cl\u00ednica, distribui\u00e7\u00e3o de brindes para animais e tutores e brinquedos infl\u00e1veis para o p\u00fablico infantil.<\/p>\n\n\n\n<p class=\"wp-block-paragraph\">A Pet Center est\u00e1 localizada na avenida C\u00f4nego Jo\u00e3o Marchesi, 239, no bairro Wortmann. Quem desejar visitar o Cempra tamb\u00e9m pode se dirigir \u00e0 sede, localizada no Banhado Grande, com acesso pela Estrada do Caracol, na sequ\u00eancia do Parque Bondinhos, ou passando pela Floresta Nacional de Canela (Flona).&nbsp;<a href=\"https:\/\/www.google.com.br\/maps\/place\/Canil+Cempra\/@-29.3052064,-50.8343113,17z\/data=!3m1!4b1!4m6!3m5!1s0x951ed33475e60241:0x960a49ba23aaecef!8m2!3d-29.3052111!4d-50.8317364!16s%2Fg%2F11rjj8htw8?entry=tts&amp;g_ep=EgoyMDI2MDYyMy4wIPu8ASoASAFQAw%3D%3D&amp;skid=141d67e2-30d3-4789-bff0-d78c88e3eaf4\" target=\"_blank\" rel=\"noreferrer noopener\">Veja a localiza\u00e7\u00e3o do Cempra<\/a>.<\/p>\n\n\n\n<p class=\"wp-block-paragraph\"><em>Texto: Adriana Rabassa\/Prefeitura de Canela<\/em><\/p>\n","protected":false},"excerpt":{"rendered":"<p>O Centro de Prote\u00e7\u00e3o Animal (Cempra) de Canela participar\u00e1 da programa\u00e7\u00e3o de anivers\u00e1rio dos 31 anos da cl\u00ednica veterin\u00e1ria Pet Center, neste s\u00e1bado, dia 29 de agosto, levando sua tradicional feira de ado\u00e7\u00e3o. Das 9h \u00e0s 12h, o p\u00fablico que participar das atividades tamb\u00e9m poder\u00e1 conhecer os c\u00e3es abrigados pela Prefeitura de Canela que est\u00e3o [&hellip;]<\/p>\n","protected":false},"author":3,"featured_media":16387,"comment_status":"open","ping_status":"open","sticky":false,"template":"","format":"standard","meta":{"footnotes":""},"categories":[218],"tags":[],"class_list":["post-16386","post","type-post","status-publish","format-standard","has-post-thumbnail","hentry","category-causa-animal"],"_links":{"self":[{"href":"https:\/\/canela.rs.gov.br\/sitenovo\/wp-json\/wp\/v2\/posts\/16386","targetHints":{"allow":["GET"]}}],"collection":[{"href":"https:\/\/canela.rs.gov.br\/sitenovo\/wp-json\/wp\/v2\/posts"}],"about":[{"href":"https:\/\/canela.rs.gov.br\/sitenovo\/wp-json\/wp\/v2\/types\/post"}],"author":[{"embeddable":true,"href":"https:\/\/canela.rs.gov.br\/sitenovo\/wp-json\/wp\/v2\/users\/3"}],"replies":[{"embeddable":true,"href":"https:\/\/canela.rs.gov.br\/sitenovo\/wp-json\/wp\/v2\/comments?post=16386"}],"version-history":[{"count":1,"href":"https:\/\/canela.rs.gov.br\/sitenovo\/wp-json\/wp\/v2\/posts\/16386\/revisions"}],"predecessor-version":[{"id":16388,"href":"https:\/\/canela.rs.gov.br\/sitenovo\/wp-json\/wp\/v2\/posts\/16386\/revisions\/16388"}],"wp:featuredmedia":[{"embeddable":true,"href":"https:\/\/canela.rs.gov.br\/sitenovo\/wp-json\/wp\/v2\/media\/16387"}],"wp:attachment":[{"href":"https:\/\/canela.rs.gov.br\/sitenovo\/wp-json\/wp\/v2\/media?parent=16386"}],"wp:term":[{"taxonomy":"category","embeddable":true,"href":"https:\/\/canela.rs.gov.br\/sitenovo\/wp-json\/wp\/v2\/categories?post=16386"},{"taxonomy":"post_tag","embeddable":true,"href":"https:\/\/canela.rs.gov.br\/sitenovo\/wp-json\/wp\/v2\/tags?post=16386"}],"curies":[{"name":"wp","href":"https:\/\/api.w.org\/{rel}","templated":true}]}}