{"id":16292,"date":"2026-08-18T08:36:55","date_gmt":"2026-08-18T11:36:55","guid":{"rendered":"https:\/\/canela.rs.gov.br\/sitenovo\/?p=16292"},"modified":"2026-08-18T08:37:40","modified_gmt":"2026-08-18T11:37:40","slug":"academia-municipal-promovera-caminhada-com-piquenique-no-morro-pelado","status":"publish","type":"post","link":"https:\/\/canela.rs.gov.br\/sitenovo\/academia-municipal-promovera-caminhada-com-piquenique-no-morro-pelado\/","title":{"rendered":"Academia Municipal promover\u00e1 caminhada com piquenique no Morro Pelado"},"content":{"rendered":"\n<p class=\"wp-block-paragraph\">Com o objetivo de incentivar a pr\u00e1tica de atividades f\u00edsicas em meio \u00e0s belezas naturais, a Academia Municipal da Secretaria Municipal de Sa\u00fade de Canela promover\u00e1 uma caminhada com piquenique no Morro Pelado. A atividade ser\u00e1 realizada no s\u00e1bado, dia 12 de setembro, com sa\u00edda \u00e0s 7h30, em frente \u00e0 Academia Municipal, localizada na Rua Leopoldo Prux, 14, no Centro.<\/p>\n\n\n\n<p class=\"wp-block-paragraph\">O percurso ter\u00e1 aproximadamente 10 quil\u00f4metros, sendo 5 quil\u00f4metros de ida e 5 quil\u00f4metros de volta. O trajeto inclui terreno \u00edngreme, com eleva\u00e7\u00e3o de aproximadamente 300 metros, passando por trechos de asfalto e estrada de ch\u00e3o com pedras soltas, al\u00e9m de subidas e descidas.<\/p>\n\n\n\n<p class=\"wp-block-paragraph\">A organiza\u00e7\u00e3o orienta os participantes a utilizarem roupas e cal\u00e7ados adequados para a atividade, al\u00e9m de levarem garrafinha de \u00e1gua, repelente e protetor solar. Durante o percurso, haver\u00e1 uma parada no topo do Morro Pelado para descanso e para apreciar a paisagem.<\/p>\n\n\n\n<p class=\"wp-block-paragraph\">Cada participante dever\u00e1 levar um lanche e uma toalha para o piquenique. Um carro de apoio estar\u00e1 dispon\u00edvel para auxiliar no transporte dos materiais que ser\u00e3o utilizados durante a atividade, e tamb\u00e9m para distribui\u00e7\u00e3o&nbsp;de \u00e1gua e frutas.<\/p>\n\n\n\n<p class=\"wp-block-paragraph\"><strong>Inscri\u00e7\u00e3o<\/strong><\/p>\n\n\n\n<p class=\"wp-block-paragraph\">A taxa de inscri\u00e7\u00e3o ser\u00e1 de 2 quilos de ra\u00e7\u00e3o para c\u00e3es, que dever\u00e3o ser entregues na Academia Municipal no dia do evento. As doa\u00e7\u00f5es ser\u00e3o destinadas \u00e0 Associa\u00e7\u00e3o Amor Sem Ra\u00e7a, de Canela.<br>As inscri\u00e7\u00f5es ser\u00e3o realizadas exclusivamente de forma on-line, por meio do formul\u00e1rio dispon\u00edvel no&nbsp;<a href=\"https:\/\/forms.gle\/9W3wPrqgQRFGib7j6\" target=\"_blank\" rel=\"noreferrer noopener\">link<\/a>.&nbsp;Os interessados devem ler atentamente todas as informa\u00e7\u00f5es dispon\u00edveis no formul\u00e1rio antes de realizar a inscri\u00e7\u00e3o.&nbsp;Mais informa\u00e7\u00f5es podem ser obtidas diretamente na Academia Municipal ou pelo telefone\/WhatsApp (54) 99125-8462.<\/p>\n","protected":false},"excerpt":{"rendered":"<p>Com o objetivo de incentivar a pr\u00e1tica de atividades f\u00edsicas em meio \u00e0s belezas naturais, a Academia Municipal da Secretaria Municipal de Sa\u00fade de Canela promover\u00e1 uma caminhada com piquenique no Morro Pelado. A atividade ser\u00e1 realizada no s\u00e1bado, dia 12 de setembro, com sa\u00edda \u00e0s 7h30, em frente \u00e0 Academia Municipal, localizada na Rua [&hellip;]<\/p>\n","protected":false},"author":3,"featured_media":16293,"comment_status":"open","ping_status":"open","sticky":false,"template":"","format":"standard","meta":{"footnotes":""},"categories":[144,164],"tags":[],"class_list":["post-16292","post","type-post","status-publish","format-standard","has-post-thumbnail","hentry","category-saude","category-destaque"],"_links":{"self":[{"href":"https:\/\/canela.rs.gov.br\/sitenovo\/wp-json\/wp\/v2\/posts\/16292","targetHints":{"allow":["GET"]}}],"collection":[{"href":"https:\/\/canela.rs.gov.br\/sitenovo\/wp-json\/wp\/v2\/posts"}],"about":[{"href":"https:\/\/canela.rs.gov.br\/sitenovo\/wp-json\/wp\/v2\/types\/post"}],"author":[{"embeddable":true,"href":"https:\/\/canela.rs.gov.br\/sitenovo\/wp-json\/wp\/v2\/users\/3"}],"replies":[{"embeddable":true,"href":"https:\/\/canela.rs.gov.br\/sitenovo\/wp-json\/wp\/v2\/comments?post=16292"}],"version-history":[{"count":1,"href":"https:\/\/canela.rs.gov.br\/sitenovo\/wp-json\/wp\/v2\/posts\/16292\/revisions"}],"predecessor-version":[{"id":16294,"href":"https:\/\/canela.rs.gov.br\/sitenovo\/wp-json\/wp\/v2\/posts\/16292\/revisions\/16294"}],"wp:featuredmedia":[{"embeddable":true,"href":"https:\/\/canela.rs.gov.br\/sitenovo\/wp-json\/wp\/v2\/media\/16293"}],"wp:attachment":[{"href":"https:\/\/canela.rs.gov.br\/sitenovo\/wp-json\/wp\/v2\/media?parent=16292"}],"wp:term":[{"taxonomy":"category","embeddable":true,"href":"https:\/\/canela.rs.gov.br\/sitenovo\/wp-json\/wp\/v2\/categories?post=16292"},{"taxonomy":"post_tag","embeddable":true,"href":"https:\/\/canela.rs.gov.br\/sitenovo\/wp-json\/wp\/v2\/tags?post=16292"}],"curies":[{"name":"wp","href":"https:\/\/api.w.org\/{rel}","templated":true}]}}