{"id":16255,"date":"2026-08-12T15:41:27","date_gmt":"2026-08-12T18:41:27","guid":{"rendered":"https:\/\/canela.rs.gov.br\/sitenovo\/?p=16255"},"modified":"2026-08-12T15:41:28","modified_gmt":"2026-08-12T18:41:28","slug":"programacao-musical-da-temporada-de-inverno-comeca-neste-final-de-semana","status":"publish","type":"post","link":"https:\/\/canela.rs.gov.br\/sitenovo\/programacao-musical-da-temporada-de-inverno-comeca-neste-final-de-semana\/","title":{"rendered":"Programa\u00e7\u00e3o musical da Temporada de Inverno come\u00e7a neste final de semana"},"content":{"rendered":"\n<p class=\"wp-block-paragraph\">As primeiras apresenta\u00e7\u00f5es da programa\u00e7\u00e3o musical da Temporada de Inverno de Canela acontecem neste final de semana. No s\u00e1bado, dia 15, o grupo Jazz Cinnamon e o cantor Jardel Ramos e a banda Teu Jeitinho ser\u00e3o as atra\u00e7\u00f5es na Pra\u00e7a Jo\u00e3o Corr\u00eaa. J\u00e1 no domingo, 16, com a previs\u00e3o de tempo inst\u00e1vel, os shows da Big Hits e do conjunto Percuss\u00e3o do Samba v\u00e3o acontecer na Esta\u00e7\u00e3o Campos de Canella, garantindo assim um local protegido para que o p\u00fablico possa aproveitar as atra\u00e7\u00f5es que abrem os shows da esta\u00e7\u00e3o mais fria e encantadora do ano.<\/p>\n\n\n\n<p class=\"wp-block-paragraph\">A Secretaria Municipal de Turismo e Cultura programou as apresenta\u00e7\u00f5es para acontecerem no turno da tarde neste ano &#8211; a primeira \u00e0s 15h e a segunda \u00e0s 16h30, no s\u00e1bado e no domingo -, propiciando que toda a comunidade consiga aproveitar as atra\u00e7\u00f5es, desde fam\u00edlias com crian\u00e7as e as pessoas idosas.<\/p>\n\n\n\n<p class=\"wp-block-paragraph\">O local das exibi\u00e7\u00f5es tamb\u00e9m est\u00e1 diferente, sendo centralizado na Pra\u00e7a, entre o Centro de Aten\u00e7\u00e3o ao Turista e as casinhas do artesanato, para que o p\u00fablico tamb\u00e9m se sinta mais pr\u00f3ximo dos artistas e possa interagir. Nos dias de chuva, a estrutura \u00e9 transferida para a \u201cRua Coberta\u201d de Canela, na antiga esta\u00e7\u00e3o ferrovi\u00e1ria.<\/p>\n\n\n\n<p class=\"wp-block-paragraph\"><strong>Dois finais de semana de programa\u00e7\u00e3o<\/strong><\/p>\n\n\n\n<p class=\"wp-block-paragraph\">Al\u00e9m das quatro atra\u00e7\u00f5es programadas para este final de semana, no pr\u00f3ximo tamb\u00e9m se apresentam, no dia 22, a banda Madame Red, \u00e0s 15h, e a dupla sertaneja Rui e Mateus, \u00e0s 16h30. Depois, no domingo, 23, Hally e banda tocam \u00e0s 15h, enquanto HS BB faz seu show \u00e0s 16h30. As apresenta\u00e7\u00f5es acontecem na Pra\u00e7a Jo\u00e3o Corr\u00eaa, salvo em caso de chuva.<\/p>\n\n\n\n<p class=\"wp-block-paragraph\"><strong>Confira a grade completa de shows<br><\/strong><br><strong>15\/08 (s\u00e1bado)<\/strong><br>15h \u2013 Jazz Cinnamon&nbsp;<em>*Banda de Jazz<\/em><br>16h30 \u2013 Jardel Ramos e Banda Teu Jeitinho&nbsp;<em>*Sertanejo<\/em><\/p>\n\n\n\n<p class=\"wp-block-paragraph\"><strong>16\/08 (domingo)<\/strong><br>15h \u2013 Big Hits&nbsp;<em>*Rock<\/em><br>16h30 \u2013 Percuss\u00e3o do Samba&nbsp;<em>*Pagode<\/em><\/p>\n\n\n\n<p class=\"wp-block-paragraph\"><strong>22\/08 (s\u00e1bado)<\/strong><br>15h \u2013 Madame Red \u2013 Divas Session&nbsp;<em>*Cl\u00e1ssicos em vozes femininas<\/em><br>16h30 \u2013 Dupla Rui e Mateus&nbsp;<em>*Sertanejo<\/em><br><strong><br>23\/08 (domingo)<\/strong><br>15h \u2013 Hally e banda&nbsp;<em>*Pagode<\/em><br>16h30 \u2013 HS BB&nbsp;<em>*Sertanejo<\/em><\/p>\n\n\n\n<p class=\"wp-block-paragraph\"><em>Texto: Adriana Rabassa\/Prefeitura de Canela<\/em><\/p>\n","protected":false},"excerpt":{"rendered":"<p>As primeiras apresenta\u00e7\u00f5es da programa\u00e7\u00e3o musical da Temporada de Inverno de Canela acontecem neste final de semana. No s\u00e1bado, dia 15, o grupo Jazz Cinnamon e o cantor Jardel Ramos e a banda Teu Jeitinho ser\u00e3o as atra\u00e7\u00f5es na Pra\u00e7a Jo\u00e3o Corr\u00eaa. J\u00e1 no domingo, 16, com a previs\u00e3o de tempo inst\u00e1vel, os shows da [&hellip;]<\/p>\n","protected":false},"author":3,"featured_media":16256,"comment_status":"open","ping_status":"open","sticky":false,"template":"","format":"standard","meta":{"footnotes":""},"categories":[55],"tags":[],"class_list":["post-16255","post","type-post","status-publish","format-standard","has-post-thumbnail","hentry","category-post_turismo"],"_links":{"self":[{"href":"https:\/\/canela.rs.gov.br\/sitenovo\/wp-json\/wp\/v2\/posts\/16255","targetHints":{"allow":["GET"]}}],"collection":[{"href":"https:\/\/canela.rs.gov.br\/sitenovo\/wp-json\/wp\/v2\/posts"}],"about":[{"href":"https:\/\/canela.rs.gov.br\/sitenovo\/wp-json\/wp\/v2\/types\/post"}],"author":[{"embeddable":true,"href":"https:\/\/canela.rs.gov.br\/sitenovo\/wp-json\/wp\/v2\/users\/3"}],"replies":[{"embeddable":true,"href":"https:\/\/canela.rs.gov.br\/sitenovo\/wp-json\/wp\/v2\/comments?post=16255"}],"version-history":[{"count":1,"href":"https:\/\/canela.rs.gov.br\/sitenovo\/wp-json\/wp\/v2\/posts\/16255\/revisions"}],"predecessor-version":[{"id":16257,"href":"https:\/\/canela.rs.gov.br\/sitenovo\/wp-json\/wp\/v2\/posts\/16255\/revisions\/16257"}],"wp:featuredmedia":[{"embeddable":true,"href":"https:\/\/canela.rs.gov.br\/sitenovo\/wp-json\/wp\/v2\/media\/16256"}],"wp:attachment":[{"href":"https:\/\/canela.rs.gov.br\/sitenovo\/wp-json\/wp\/v2\/media?parent=16255"}],"wp:term":[{"taxonomy":"category","embeddable":true,"href":"https:\/\/canela.rs.gov.br\/sitenovo\/wp-json\/wp\/v2\/categories?post=16255"},{"taxonomy":"post_tag","embeddable":true,"href":"https:\/\/canela.rs.gov.br\/sitenovo\/wp-json\/wp\/v2\/tags?post=16255"}],"curies":[{"name":"wp","href":"https:\/\/api.w.org\/{rel}","templated":true}]}}