{"id":16252,"date":"2026-08-12T14:32:20","date_gmt":"2026-08-12T17:32:20","guid":{"rendered":"https:\/\/canela.rs.gov.br\/sitenovo\/?p=16252"},"modified":"2026-08-12T14:32:22","modified_gmt":"2026-08-12T17:32:22","slug":"procon-de-canela-orienta-consumidores-a-formalizarem-reclamacoes-sobre-aumento-nas-contas-de-luz","status":"publish","type":"post","link":"https:\/\/canela.rs.gov.br\/sitenovo\/procon-de-canela-orienta-consumidores-a-formalizarem-reclamacoes-sobre-aumento-nas-contas-de-luz\/","title":{"rendered":"Procon de Canela orienta consumidores a formalizarem reclama\u00e7\u00f5es sobre aumento nas contas de luz"},"content":{"rendered":"\n<p class=\"wp-block-paragraph\">O Procon de Canela orienta consumidores que identificaram aumento expressivo nas contas de energia el\u00e9trica a formalizarem a reclama\u00e7\u00e3o junto ao \u00f3rg\u00e3o, para que cada caso seja analisado e, quando necess\u00e1rio, encaminhado \u00e0 concession\u00e1ria.<br>At\u00e9 o momento, o Procon recebeu 18 relatos de consumidores sobre aumentos nas faturas em 2026. Para os clientes residenciais, entrou em vigor reajuste m\u00e9dio de 14,97%, aprovado pela Ag\u00eancia Nacional de Energia El\u00e9trica (Aneel). Em julho, tamb\u00e9m esteve vigente a bandeira tarif\u00e1ria amarela, que prev\u00ea cobran\u00e7a adicional na conta. Todavia, apesar do aumento, alguns moradores relatam cobran\u00e7a excessiva.<br>O Procon orienta que os consumidores verifiquem o hist\u00f3rico de consumo, o per\u00edodo de leitura e os valores cobrados. A formaliza\u00e7\u00e3o da reclama\u00e7\u00e3o permite ao \u00f3rg\u00e3o analisar a situa\u00e7\u00e3o e verificar eventuais diverg\u00eancias em rela\u00e7\u00e3o ao consumo habitual. A RGE tem prazo de at\u00e9 30 dias para responder \u00e0s demandas encaminhadas pelo Procon.<br>Para registrar a reclama\u00e7\u00e3o, \u00e9 necess\u00e1rio apresentar documento de identifica\u00e7\u00e3o e as seis \u00faltimas contas de energia el\u00e9trica. \u201c\u00c9 importante que o consumidor formalize a reclama\u00e7\u00e3o quando identificar um aumento que considere incompat\u00edvel com seu hist\u00f3rico de consumo. Assim, podemos analisar a documenta\u00e7\u00e3o, verificar a leitura e os valores cobrados e encaminhar a situa\u00e7\u00e3o \u00e0 concession\u00e1ria, quando necess\u00e1rio\u201d, destaca a coordenadora do Procon no munic\u00edpio, Deise Stange.<\/p>\n\n\n\n<p class=\"wp-block-paragraph\">O Procon de Canela est\u00e1 localizado na Rua S\u00e3o Francisco, n\u00ba 199, bairro Boeira, junto ao Centro Integrado de Desenvolvimento e Inova\u00e7\u00e3o de Canela (Cidica). O atendimento ocorre de segunda a sexta-feira, das 8h \u00e0s 11h e das 13h \u00e0s 16h30.<\/p>\n\n\n\n<p class=\"wp-block-paragraph\"><strong>Canais de atendimento:<\/strong><br>Telefone: (54) 3282-5121<br>WhatsApp: (54) 99138-1905<br>E-mail:&nbsp;<a href=\"mailto:procon@canela.rs.gov.br\" target=\"_blank\" rel=\"noreferrer noopener\">procon@canela.rs.gov.br<\/a><\/p>\n","protected":false},"excerpt":{"rendered":"<p>O Procon de Canela orienta consumidores que identificaram aumento expressivo nas contas de energia el\u00e9trica a formalizarem a reclama\u00e7\u00e3o junto ao \u00f3rg\u00e3o, para que cada caso seja analisado e, quando necess\u00e1rio, encaminhado \u00e0 concession\u00e1ria.At\u00e9 o momento, o Procon recebeu 18 relatos de consumidores sobre aumentos nas faturas em 2026. Para os clientes residenciais, entrou em [&hellip;]<\/p>\n","protected":false},"author":3,"featured_media":16253,"comment_status":"open","ping_status":"open","sticky":false,"template":"","format":"standard","meta":{"footnotes":""},"categories":[165],"tags":[],"class_list":["post-16252","post","type-post","status-publish","format-standard","has-post-thumbnail","hentry","category-fiscalizacao"],"_links":{"self":[{"href":"https:\/\/canela.rs.gov.br\/sitenovo\/wp-json\/wp\/v2\/posts\/16252","targetHints":{"allow":["GET"]}}],"collection":[{"href":"https:\/\/canela.rs.gov.br\/sitenovo\/wp-json\/wp\/v2\/posts"}],"about":[{"href":"https:\/\/canela.rs.gov.br\/sitenovo\/wp-json\/wp\/v2\/types\/post"}],"author":[{"embeddable":true,"href":"https:\/\/canela.rs.gov.br\/sitenovo\/wp-json\/wp\/v2\/users\/3"}],"replies":[{"embeddable":true,"href":"https:\/\/canela.rs.gov.br\/sitenovo\/wp-json\/wp\/v2\/comments?post=16252"}],"version-history":[{"count":1,"href":"https:\/\/canela.rs.gov.br\/sitenovo\/wp-json\/wp\/v2\/posts\/16252\/revisions"}],"predecessor-version":[{"id":16254,"href":"https:\/\/canela.rs.gov.br\/sitenovo\/wp-json\/wp\/v2\/posts\/16252\/revisions\/16254"}],"wp:featuredmedia":[{"embeddable":true,"href":"https:\/\/canela.rs.gov.br\/sitenovo\/wp-json\/wp\/v2\/media\/16253"}],"wp:attachment":[{"href":"https:\/\/canela.rs.gov.br\/sitenovo\/wp-json\/wp\/v2\/media?parent=16252"}],"wp:term":[{"taxonomy":"category","embeddable":true,"href":"https:\/\/canela.rs.gov.br\/sitenovo\/wp-json\/wp\/v2\/categories?post=16252"},{"taxonomy":"post_tag","embeddable":true,"href":"https:\/\/canela.rs.gov.br\/sitenovo\/wp-json\/wp\/v2\/tags?post=16252"}],"curies":[{"name":"wp","href":"https:\/\/api.w.org\/{rel}","templated":true}]}}