{"id":16231,"date":"2026-08-10T16:42:10","date_gmt":"2026-08-10T19:42:10","guid":{"rendered":"https:\/\/canela.rs.gov.br\/sitenovo\/?p=16231"},"modified":"2026-08-10T16:42:11","modified_gmt":"2026-08-10T19:42:11","slug":"escola-rodolfo-schlieper-realiza-9a-mostra-cultural-em-homenagem-aos-100-anos-de-canela","status":"publish","type":"post","link":"https:\/\/canela.rs.gov.br\/sitenovo\/escola-rodolfo-schlieper-realiza-9a-mostra-cultural-em-homenagem-aos-100-anos-de-canela\/","title":{"rendered":"Escola Rodolfo Schlieper realiza 9\u00aa Mostra Cultural em homenagem aos 100 anos de Canela"},"content":{"rendered":"\n<p class=\"wp-block-paragraph\">A Escola Municipal de Educa\u00e7\u00e3o Infantil e Fundamental Especial (EMEIEFE) Rodolfo Schlieper realiza nesta sexta-feira, dia 14, \u00e0s 19h, no Teatro Municipal de Canela, a 9\u00aa Mostra Cultural. O evento reunir\u00e1 alunos, profissionais da escola e familiares em uma celebra\u00e7\u00e3o do conhecimento, da criatividade e da cultura.<\/p>\n\n\n\n<p class=\"wp-block-paragraph\">Realizada anualmente, a Mostra Cultural tem como objetivo aproximar as fam\u00edlias do processo educativo, valorizar as potencialidades dos estudantes e estimular o desenvolvimento de diferentes habilidades por meio de experi\u00eancias significativas de aprendizagem. O evento \u00e9 resultado de um trabalho desenvolvido diariamente em sala de aula, envolvendo diferentes \u00e1reas do conhecimento e respeitando as caracter\u00edsticas, os interesses e as possibilidades de cada aluno.<\/p>\n\n\n\n<p class=\"wp-block-paragraph\">A cada edi\u00e7\u00e3o, a escola define um tema para orientar as atividades e apresenta\u00e7\u00f5es. Em 2026, a Mostra Cultural ganha um significado especial ao homenagear os 100 anos de Canela como distrito de Taquara, celebrando a hist\u00f3ria, a cultura, as tradi\u00e7\u00f5es e os elementos que contribu\u00edram para a constru\u00e7\u00e3o da identidade do munic\u00edpio.<\/p>\n\n\n\n<p class=\"wp-block-paragraph\">Com o tema \u201cCanela, 100 anos como distrito de Taquara: hist\u00f3ria, tradi\u00e7\u00e3o e orgulho de ser Canela\u201d, a 9\u00aa Mostra Cultural prop\u00f5e uma viagem por diferentes momentos e s\u00edmbolos que fazem parte da trajet\u00f3ria do munic\u00edpio.<\/p>\n\n\n\n<p class=\"wp-block-paragraph\"><\/p>\n","protected":false},"excerpt":{"rendered":"<p>A Escola Municipal de Educa\u00e7\u00e3o Infantil e Fundamental Especial (EMEIEFE) Rodolfo Schlieper realiza nesta sexta-feira, dia 14, \u00e0s 19h, no Teatro Municipal de Canela, a 9\u00aa Mostra Cultural. O evento reunir\u00e1 alunos, profissionais da escola e familiares em uma celebra\u00e7\u00e3o do conhecimento, da criatividade e da cultura. Realizada anualmente, a Mostra Cultural tem como objetivo [&hellip;]<\/p>\n","protected":false},"author":3,"featured_media":16232,"comment_status":"open","ping_status":"open","sticky":false,"template":"","format":"standard","meta":{"footnotes":""},"categories":[45],"tags":[],"class_list":["post-16231","post","type-post","status-publish","format-standard","has-post-thumbnail","hentry","category-post_educacao"],"_links":{"self":[{"href":"https:\/\/canela.rs.gov.br\/sitenovo\/wp-json\/wp\/v2\/posts\/16231","targetHints":{"allow":["GET"]}}],"collection":[{"href":"https:\/\/canela.rs.gov.br\/sitenovo\/wp-json\/wp\/v2\/posts"}],"about":[{"href":"https:\/\/canela.rs.gov.br\/sitenovo\/wp-json\/wp\/v2\/types\/post"}],"author":[{"embeddable":true,"href":"https:\/\/canela.rs.gov.br\/sitenovo\/wp-json\/wp\/v2\/users\/3"}],"replies":[{"embeddable":true,"href":"https:\/\/canela.rs.gov.br\/sitenovo\/wp-json\/wp\/v2\/comments?post=16231"}],"version-history":[{"count":1,"href":"https:\/\/canela.rs.gov.br\/sitenovo\/wp-json\/wp\/v2\/posts\/16231\/revisions"}],"predecessor-version":[{"id":16233,"href":"https:\/\/canela.rs.gov.br\/sitenovo\/wp-json\/wp\/v2\/posts\/16231\/revisions\/16233"}],"wp:featuredmedia":[{"embeddable":true,"href":"https:\/\/canela.rs.gov.br\/sitenovo\/wp-json\/wp\/v2\/media\/16232"}],"wp:attachment":[{"href":"https:\/\/canela.rs.gov.br\/sitenovo\/wp-json\/wp\/v2\/media?parent=16231"}],"wp:term":[{"taxonomy":"category","embeddable":true,"href":"https:\/\/canela.rs.gov.br\/sitenovo\/wp-json\/wp\/v2\/categories?post=16231"},{"taxonomy":"post_tag","embeddable":true,"href":"https:\/\/canela.rs.gov.br\/sitenovo\/wp-json\/wp\/v2\/tags?post=16231"}],"curies":[{"name":"wp","href":"https:\/\/api.w.org\/{rel}","templated":true}]}}