{"id":14607,"date":"2026-04-30T09:41:48","date_gmt":"2026-04-30T12:41:48","guid":{"rendered":"https:\/\/canela.rs.gov.br\/sitenovo\/?p=14607"},"modified":"2026-04-30T09:41:49","modified_gmt":"2026-04-30T12:41:49","slug":"academia-municipal-de-canela-promove-tarde-no-castelinho-do-caracol","status":"publish","type":"post","link":"https:\/\/canela.rs.gov.br\/sitenovo\/academia-municipal-de-canela-promove-tarde-no-castelinho-do-caracol\/","title":{"rendered":"Academia Municipal de Canela promove &#8220;Tarde no Castelinho do Caracol&#8221;"},"content":{"rendered":"\n<p>Com o objetivo de proporcionar um momento de integra\u00e7\u00e3o e lazer aos pacientes, a Academia Municipal, vinculada \u00e0 Secretaria de Sa\u00fade de Canela, promove a \u201cTarde no Castelinho do Caracol\u201d. A atividade ser\u00e1 realizada no dia 11 de maio, \u00e0s 14h.<\/p>\n\n\n\n<p>Conforme a organiza\u00e7\u00e3o, o evento \u00e9 destinado exclusivamente aos usu\u00e1rios da Academia Municipal. A participa\u00e7\u00e3o \u00e9 gratuita, assim como o transporte, que ser\u00e1 disponibilizado pela Secretaria de Sa\u00fade.<\/p>\n\n\n\n<p>A sa\u00edda ocorrer\u00e1 em frente \u00e0 Academia Municipal, localizada na Rua Leopoldo Prux, n\u00ba 14, no bairro Santa Terezinha.<\/p>\n\n\n\n<p>Mais informa\u00e7\u00f5es podem ser obtidas pelo telefone (54) 3282-5108 ou pelo WhatsApp (54) 99125-8462.<\/p>\n\n\n\n<p>SOBRE O CASTELINHO DO CARACOL<\/p>\n\n\n\n<p>Localizado em Canela (RS), o Castelinho do Caracol \u00e9 uma das primeiras resid\u00eancias da regi\u00e3o, constru\u00edda entre 1913 e 1915 pela fam\u00edlia de imigrantes alem\u00e3es Franzen. Edificada em madeira de arauc\u00e1ria, sem o uso de pregos \u2014 apenas com encaixes e parafusos \u2014, a constru\u00e7\u00e3o j\u00e1 serviu como moradia e pousada. Atualmente, o espa\u00e7o funciona como museu e conta com uma tradicional casa de ch\u00e1, sendo um dos atrativos tur\u00edsticos do munic\u00edpio.<\/p>\n","protected":false},"excerpt":{"rendered":"<p>Com o objetivo de proporcionar um momento de integra\u00e7\u00e3o e lazer aos pacientes, a Academia Municipal, vinculada \u00e0 Secretaria de Sa\u00fade de Canela, promove a \u201cTarde no Castelinho do Caracol\u201d. A atividade ser\u00e1 realizada no dia 11 de maio, \u00e0s 14h. Conforme a organiza\u00e7\u00e3o, o evento \u00e9 destinado exclusivamente aos usu\u00e1rios da Academia Municipal. A [&hellip;]<\/p>\n","protected":false},"author":3,"featured_media":14608,"comment_status":"open","ping_status":"open","sticky":false,"template":"","format":"standard","meta":{"footnotes":""},"categories":[144],"tags":[],"class_list":["post-14607","post","type-post","status-publish","format-standard","has-post-thumbnail","hentry","category-saude"],"_links":{"self":[{"href":"https:\/\/canela.rs.gov.br\/sitenovo\/wp-json\/wp\/v2\/posts\/14607","targetHints":{"allow":["GET"]}}],"collection":[{"href":"https:\/\/canela.rs.gov.br\/sitenovo\/wp-json\/wp\/v2\/posts"}],"about":[{"href":"https:\/\/canela.rs.gov.br\/sitenovo\/wp-json\/wp\/v2\/types\/post"}],"author":[{"embeddable":true,"href":"https:\/\/canela.rs.gov.br\/sitenovo\/wp-json\/wp\/v2\/users\/3"}],"replies":[{"embeddable":true,"href":"https:\/\/canela.rs.gov.br\/sitenovo\/wp-json\/wp\/v2\/comments?post=14607"}],"version-history":[{"count":1,"href":"https:\/\/canela.rs.gov.br\/sitenovo\/wp-json\/wp\/v2\/posts\/14607\/revisions"}],"predecessor-version":[{"id":14609,"href":"https:\/\/canela.rs.gov.br\/sitenovo\/wp-json\/wp\/v2\/posts\/14607\/revisions\/14609"}],"wp:featuredmedia":[{"embeddable":true,"href":"https:\/\/canela.rs.gov.br\/sitenovo\/wp-json\/wp\/v2\/media\/14608"}],"wp:attachment":[{"href":"https:\/\/canela.rs.gov.br\/sitenovo\/wp-json\/wp\/v2\/media?parent=14607"}],"wp:term":[{"taxonomy":"category","embeddable":true,"href":"https:\/\/canela.rs.gov.br\/sitenovo\/wp-json\/wp\/v2\/categories?post=14607"},{"taxonomy":"post_tag","embeddable":true,"href":"https:\/\/canela.rs.gov.br\/sitenovo\/wp-json\/wp\/v2\/tags?post=14607"}],"curies":[{"name":"wp","href":"https:\/\/api.w.org\/{rel}","templated":true}]}}