{"id":14599,"date":"2026-04-29T16:10:04","date_gmt":"2026-04-29T19:10:04","guid":{"rendered":"https:\/\/canela.rs.gov.br\/sitenovo\/?p=14599"},"modified":"2026-04-29T16:10:05","modified_gmt":"2026-04-29T19:10:05","slug":"com-o-frio-aumentam-os-cuidados-canela-reforca-chamado-para-vacinacao-contra-a-gripe","status":"publish","type":"post","link":"https:\/\/canela.rs.gov.br\/sitenovo\/com-o-frio-aumentam-os-cuidados-canela-reforca-chamado-para-vacinacao-contra-a-gripe\/","title":{"rendered":"Com o frio, aumentam os cuidados: Canela refor\u00e7a chamado para vacina\u00e7\u00e3o contra a gripe"},"content":{"rendered":"\n<p>Com a chegada do frio, a Secretaria Municipal de Sa\u00fade de Canela faz um alerta: pessoas dos p\u00fablicos priorit\u00e1rios para receber a vacina contra a Influenza, precisam procurar as salas de vacina do munic\u00edpio para fazer a aplica\u00e7\u00e3o do imunizante. Crian\u00e7as de seis meses a menores de cinco anos de idade, idosos e gestantes s\u00e3o os principais grupos que precisam se proteger neste momento, pois s\u00e3o os que apresentam maiores complica\u00e7\u00f5es nos casos de s\u00edndromes respirat\u00f3rias agudas graves.<\/p>\n\n\n\n<p>A campanha de vacina\u00e7\u00e3o contra a gripe j\u00e1 mobilizou milhares de canelenses, mas a ades\u00e3o ainda pode avan\u00e7ar. At\u00e9 o momento, 2.421 idosos foram imunizados, o que representa 31,5% do p\u00fablico estimado. Entre as gestantes, 135 j\u00e1 est\u00e3o protegidas (30%), enquanto 386 crian\u00e7as receberam a dose, ampliando a cobertura entre os pequenos. Os dados s\u00e3o do painel do Minist\u00e9rio da Sa\u00fade e incluem tamb\u00e9m aplica\u00e7\u00f5es na rede particular.<\/p>\n\n\n\n<p>A Secretaria Municipal de Sa\u00fade segue engajada em ampliar esses n\u00fameros, com a\u00e7\u00f5es cont\u00ednuas de orienta\u00e7\u00e3o, busca ativa e facilita\u00e7\u00e3o do acesso \u00e0 vacina para os p\u00fablicos priorit\u00e1rios. A coordenadora da Vigil\u00e2ncia Epidemiol\u00f3gica de Canela, Magali Cavinatto, destaca que est\u00e1 sendo refor\u00e7ada a import\u00e2ncia da vacina\u00e7\u00e3o para se proteger contra a Influenza durante as consultas de rotina nas Unidades B\u00e1sicas de Sa\u00fade, al\u00e9m de informar o p\u00fablico que utiliza os servi\u00e7os de sa\u00fade nos atendimentos.\u201cNesta semana, as equipes come\u00e7aram a visitar as escolas infantis do Munic\u00edpio, para aumentar o contingente de crian\u00e7as vacinadas. Com isso, as fam\u00edlias n\u00e3o precisam se deslocar at\u00e9 os postos para que os pequenos sejam protegidos\u201d, destaca a enfermeira.&nbsp;<\/p>\n\n\n\n<p>A vacina aplicada na Campanha Nacional de Contra a Influenza em 2026 &#8211; que vai at\u00e9 o dia 30 de maio &#8211; \u00e9 do tipo trivalente, e protege contra os v\u00edrus H1N1, H3N2 e Influenza B. Para receb\u00ea-la, \u00e9 necess\u00e1rio apresentar a carteira de vacinas e um documento de identidade.&nbsp;&nbsp;<\/p>\n\n\n\n<p><em>Texto: Adriana Rabassa\/Prefeitura de Canela<\/em><\/p>\n","protected":false},"excerpt":{"rendered":"<p>Com a chegada do frio, a Secretaria Municipal de Sa\u00fade de Canela faz um alerta: pessoas dos p\u00fablicos priorit\u00e1rios para receber a vacina contra a Influenza, precisam procurar as salas de vacina do munic\u00edpio para fazer a aplica\u00e7\u00e3o do imunizante. Crian\u00e7as de seis meses a menores de cinco anos de idade, idosos e gestantes s\u00e3o [&hellip;]<\/p>\n","protected":false},"author":3,"featured_media":14600,"comment_status":"open","ping_status":"open","sticky":false,"template":"","format":"standard","meta":{"footnotes":""},"categories":[144],"tags":[],"class_list":["post-14599","post","type-post","status-publish","format-standard","has-post-thumbnail","hentry","category-saude"],"_links":{"self":[{"href":"https:\/\/canela.rs.gov.br\/sitenovo\/wp-json\/wp\/v2\/posts\/14599","targetHints":{"allow":["GET"]}}],"collection":[{"href":"https:\/\/canela.rs.gov.br\/sitenovo\/wp-json\/wp\/v2\/posts"}],"about":[{"href":"https:\/\/canela.rs.gov.br\/sitenovo\/wp-json\/wp\/v2\/types\/post"}],"author":[{"embeddable":true,"href":"https:\/\/canela.rs.gov.br\/sitenovo\/wp-json\/wp\/v2\/users\/3"}],"replies":[{"embeddable":true,"href":"https:\/\/canela.rs.gov.br\/sitenovo\/wp-json\/wp\/v2\/comments?post=14599"}],"version-history":[{"count":1,"href":"https:\/\/canela.rs.gov.br\/sitenovo\/wp-json\/wp\/v2\/posts\/14599\/revisions"}],"predecessor-version":[{"id":14601,"href":"https:\/\/canela.rs.gov.br\/sitenovo\/wp-json\/wp\/v2\/posts\/14599\/revisions\/14601"}],"wp:featuredmedia":[{"embeddable":true,"href":"https:\/\/canela.rs.gov.br\/sitenovo\/wp-json\/wp\/v2\/media\/14600"}],"wp:attachment":[{"href":"https:\/\/canela.rs.gov.br\/sitenovo\/wp-json\/wp\/v2\/media?parent=14599"}],"wp:term":[{"taxonomy":"category","embeddable":true,"href":"https:\/\/canela.rs.gov.br\/sitenovo\/wp-json\/wp\/v2\/categories?post=14599"},{"taxonomy":"post_tag","embeddable":true,"href":"https:\/\/canela.rs.gov.br\/sitenovo\/wp-json\/wp\/v2\/tags?post=14599"}],"curies":[{"name":"wp","href":"https:\/\/api.w.org\/{rel}","templated":true}]}}