{"id":14594,"date":"2026-04-29T09:54:15","date_gmt":"2026-04-29T12:54:15","guid":{"rendered":"https:\/\/canela.rs.gov.br\/sitenovo\/?p=14594"},"modified":"2026-04-29T09:54:16","modified_gmt":"2026-04-29T12:54:16","slug":"cidica-promove-workshop-jovem-aprendiz-no-dia-5-de-maio","status":"publish","type":"post","link":"https:\/\/canela.rs.gov.br\/sitenovo\/cidica-promove-workshop-jovem-aprendiz-no-dia-5-de-maio\/","title":{"rendered":"Cidica promove Workshop Jovem Aprendiz no dia 5 de maio"},"content":{"rendered":"\n<p>Com o objetivo de incentivar a inser\u00e7\u00e3o de jovens no mercado de trabalho, o Centro Integrado de Desenvolvimento e Inova\u00e7\u00e3o de Canela (Cidica), em parceria com o Servi\u00e7o Nacional de Aprendizagem Industrial (Senai), promover\u00e1 o Workshop Jovem Aprendiz. A atividade ser\u00e1 realizada no dia 5 de maio, \u00e0s 9h30, na sede do Cidica. A iniciativa \u00e9 voltada a empres\u00e1rios e propriet\u00e1rios de ind\u00fastrias, com o intuito de orientar sobre a forma\u00e7\u00e3o de novos talentos, al\u00e9m de esclarecer d\u00favidas relacionadas \u00e0s exig\u00eancias da legisla\u00e7\u00e3o vigente.<\/p>\n\n\n\n<p>De acordo com o secret\u00e1rio da Fazenda e Desenvolvimento Econ\u00f4mico, Luciano Melo, a a\u00e7\u00e3o representa uma oportunidade estrat\u00e9gica para o setor produtivo. \u201c\u00c9 uma excelente oportunidade para que os empreendedores conhe\u00e7am melhor o programa Jovem Aprendiz e possam contar com novos talentos, contribuindo para o fortalecimento da ind\u00fastria e do turismo do munic\u00edpio\u201d, destaca.<\/p>\n\n\n\n<p>A sede do Cidica est\u00e1 localizada na Rua S\u00e3o Francisco, n\u00ba 199, no bairro Boeira. Mais informa\u00e7\u00f5es e inscri\u00e7\u00f5es podem ser obtidas pelo WhatsApp (54) 3282-5167.<\/p>\n\n\n\n<p><em>Texto: Vanessa Oz\u00f3rio\/Prefeitura de Canela<\/em><\/p>\n","protected":false},"excerpt":{"rendered":"<p>Com o objetivo de incentivar a inser\u00e7\u00e3o de jovens no mercado de trabalho, o Centro Integrado de Desenvolvimento e Inova\u00e7\u00e3o de Canela (Cidica), em parceria com o Servi\u00e7o Nacional de Aprendizagem Industrial (Senai), promover\u00e1 o Workshop Jovem Aprendiz. A atividade ser\u00e1 realizada no dia 5 de maio, \u00e0s 9h30, na sede do Cidica. A iniciativa [&hellip;]<\/p>\n","protected":false},"author":3,"featured_media":14595,"comment_status":"open","ping_status":"open","sticky":false,"template":"","format":"standard","meta":{"footnotes":""},"categories":[143],"tags":[],"class_list":["post-14594","post","type-post","status-publish","format-standard","has-post-thumbnail","hentry","category-cidica"],"_links":{"self":[{"href":"https:\/\/canela.rs.gov.br\/sitenovo\/wp-json\/wp\/v2\/posts\/14594","targetHints":{"allow":["GET"]}}],"collection":[{"href":"https:\/\/canela.rs.gov.br\/sitenovo\/wp-json\/wp\/v2\/posts"}],"about":[{"href":"https:\/\/canela.rs.gov.br\/sitenovo\/wp-json\/wp\/v2\/types\/post"}],"author":[{"embeddable":true,"href":"https:\/\/canela.rs.gov.br\/sitenovo\/wp-json\/wp\/v2\/users\/3"}],"replies":[{"embeddable":true,"href":"https:\/\/canela.rs.gov.br\/sitenovo\/wp-json\/wp\/v2\/comments?post=14594"}],"version-history":[{"count":1,"href":"https:\/\/canela.rs.gov.br\/sitenovo\/wp-json\/wp\/v2\/posts\/14594\/revisions"}],"predecessor-version":[{"id":14596,"href":"https:\/\/canela.rs.gov.br\/sitenovo\/wp-json\/wp\/v2\/posts\/14594\/revisions\/14596"}],"wp:featuredmedia":[{"embeddable":true,"href":"https:\/\/canela.rs.gov.br\/sitenovo\/wp-json\/wp\/v2\/media\/14595"}],"wp:attachment":[{"href":"https:\/\/canela.rs.gov.br\/sitenovo\/wp-json\/wp\/v2\/media?parent=14594"}],"wp:term":[{"taxonomy":"category","embeddable":true,"href":"https:\/\/canela.rs.gov.br\/sitenovo\/wp-json\/wp\/v2\/categories?post=14594"},{"taxonomy":"post_tag","embeddable":true,"href":"https:\/\/canela.rs.gov.br\/sitenovo\/wp-json\/wp\/v2\/tags?post=14594"}],"curies":[{"name":"wp","href":"https:\/\/api.w.org\/{rel}","templated":true}]}}