{"id":14591,"date":"2026-04-29T08:38:02","date_gmt":"2026-04-29T11:38:02","guid":{"rendered":"https:\/\/canela.rs.gov.br\/sitenovo\/?p=14591"},"modified":"2026-04-29T08:38:04","modified_gmt":"2026-04-29T11:38:04","slug":"prefeitura-de-canela-investe-quase-r-450-mil-em-mobiliarios-escolares-para-melhor-atender-estudantes-e-professores","status":"publish","type":"post","link":"https:\/\/canela.rs.gov.br\/sitenovo\/prefeitura-de-canela-investe-quase-r-450-mil-em-mobiliarios-escolares-para-melhor-atender-estudantes-e-professores\/","title":{"rendered":"Prefeitura de Canela investe quase R$ 450 mil em mobili\u00e1rios escolares para melhor atender estudantes e professores"},"content":{"rendered":"\n<p>Chegaram nesta semana os novos mobili\u00e1rios escolares adquiridos pela Prefeitura de Canela, por meio da Secretaria de Educa\u00e7\u00e3o, Esporte e Lazer, com a finalidade de qualificar o atendimento dos estudantes e professores da rede municipal. Foram investidos mais de R$ 445 mil na aquisi\u00e7\u00e3o de 630 conjuntos de classes e cadeiras para uso dos alunos da educa\u00e7\u00e3o infantil e ensino fundamental, al\u00e9m de m\u00f3veis destinados aos educadores e tamb\u00e9m adaptados para cadeirantes.<\/p>\n\n\n\n<p>O prefeito Gilberto Cezar ressaltou a import\u00e2ncia do investimento: \u201cInvestir em educa\u00e7\u00e3o \u00e9 investir no futuro da nossa cidade e seguimos fazendo isso constantemente. A chegada desses novos mobili\u00e1rios representa mais conforto, dignidade e melhores condi\u00e7\u00f5es de aprendizado para nossos alunos e tamb\u00e9m de trabalho para nossos professores. Seguiremos priorizando a\u00e7\u00f5es que fortale\u00e7am a qualidade do ensino em Canela e valorizem toda a comunidade escolar&#8221;.<\/p>\n\n\n\n<p>O vice-prefeito e secret\u00e1rio de Educa\u00e7\u00e3o, Gilberto Tegner, destaca que o Munic\u00edpio vem trabalhando na melhoria das estruturas escolares desde o in\u00edcio desta gest\u00e3o, incluindo benfeitorias f\u00edsicas e troca de mobili\u00e1rios e equipamentos defasados, \u201cinvestimento que continuar\u00e1 sendo feito para qualificar e modernizar ainda mais o atendimento \u00e0s escolas e suas comunidades\u201d, enfatiza.<\/p>\n\n\n\n<p>De acordo com a Secretaria Municipal de Educa\u00e7\u00e3o, os valores investidos s\u00e3o oriundos do Fundo de Manuten\u00e7\u00e3o e Desenvolvimento da Educa\u00e7\u00e3o B\u00e1sica e de Valoriza\u00e7\u00e3o dos Profissionais da Educa\u00e7\u00e3o (Fundeb) e a aquisi\u00e7\u00e3o feita por meio de ades\u00e3o a uma ata de registro de pre\u00e7os do Fundo Nacional de Desenvolvimento da Educa\u00e7\u00e3o (FNDE) do Governo Federal.<\/p>\n\n\n\n<p>Cada escola indicou \u00e0 administra\u00e7\u00e3o sua necessidade de mobili\u00e1rios, sendo beneficiadas neste momento os educand\u00e1rios Baldu\u00edno Boelter, Bertholdo Opptiz, Dante Bertolucci, Ernesto Dornelles, Jo\u00e3o Alfredo Corr\u00eaa Pinto, Noeli de Azevedo e Souza, Rodolfo Schlieper, Santos Dumont, Severino Travi, Zeferino Jos\u00e9 Lopes e a extens\u00e3o da Escola Santa Terezinha. O Centro de Aten\u00e7\u00e3o e Desenvolvimento Integral ao Estudante (Cadie) de Canela tamb\u00e9m foi atendido neste pedido de novas classes e cadeiras escolares.<\/p>\n\n\n\n<p>Os materiais devem come\u00e7ar a ser distribu\u00eddos \u00e0s escolas at\u00e9 a pr\u00f3xima semana.<\/p>\n\n\n\n<p><em>Texto: Adriana Rabassa\/Prefeitura de Canela<\/em><\/p>\n","protected":false},"excerpt":{"rendered":"<p>Chegaram nesta semana os novos mobili\u00e1rios escolares adquiridos pela Prefeitura de Canela, por meio da Secretaria de Educa\u00e7\u00e3o, Esporte e Lazer, com a finalidade de qualificar o atendimento dos estudantes e professores da rede municipal. Foram investidos mais de R$ 445 mil na aquisi\u00e7\u00e3o de 630 conjuntos de classes e cadeiras para uso dos alunos [&hellip;]<\/p>\n","protected":false},"author":3,"featured_media":14592,"comment_status":"open","ping_status":"open","sticky":false,"template":"","format":"standard","meta":{"footnotes":""},"categories":[164,45,38,40],"tags":[],"class_list":["post-14591","post","type-post","status-publish","format-standard","has-post-thumbnail","hentry","category-destaque","category-post_educacao","category-post_gabinete-do-prefeito","category-vice-prefeito"],"_links":{"self":[{"href":"https:\/\/canela.rs.gov.br\/sitenovo\/wp-json\/wp\/v2\/posts\/14591","targetHints":{"allow":["GET"]}}],"collection":[{"href":"https:\/\/canela.rs.gov.br\/sitenovo\/wp-json\/wp\/v2\/posts"}],"about":[{"href":"https:\/\/canela.rs.gov.br\/sitenovo\/wp-json\/wp\/v2\/types\/post"}],"author":[{"embeddable":true,"href":"https:\/\/canela.rs.gov.br\/sitenovo\/wp-json\/wp\/v2\/users\/3"}],"replies":[{"embeddable":true,"href":"https:\/\/canela.rs.gov.br\/sitenovo\/wp-json\/wp\/v2\/comments?post=14591"}],"version-history":[{"count":1,"href":"https:\/\/canela.rs.gov.br\/sitenovo\/wp-json\/wp\/v2\/posts\/14591\/revisions"}],"predecessor-version":[{"id":14593,"href":"https:\/\/canela.rs.gov.br\/sitenovo\/wp-json\/wp\/v2\/posts\/14591\/revisions\/14593"}],"wp:featuredmedia":[{"embeddable":true,"href":"https:\/\/canela.rs.gov.br\/sitenovo\/wp-json\/wp\/v2\/media\/14592"}],"wp:attachment":[{"href":"https:\/\/canela.rs.gov.br\/sitenovo\/wp-json\/wp\/v2\/media?parent=14591"}],"wp:term":[{"taxonomy":"category","embeddable":true,"href":"https:\/\/canela.rs.gov.br\/sitenovo\/wp-json\/wp\/v2\/categories?post=14591"},{"taxonomy":"post_tag","embeddable":true,"href":"https:\/\/canela.rs.gov.br\/sitenovo\/wp-json\/wp\/v2\/tags?post=14591"}],"curies":[{"name":"wp","href":"https:\/\/api.w.org\/{rel}","templated":true}]}}