{"id":14588,"date":"2026-04-28T17:06:38","date_gmt":"2026-04-28T20:06:38","guid":{"rendered":"https:\/\/canela.rs.gov.br\/sitenovo\/?p=14588"},"modified":"2026-04-28T17:07:10","modified_gmt":"2026-04-28T20:07:10","slug":"com-apoio-da-prefeitura-de-canela-bombeiros-promovem-4o-capacete-rosa","status":"publish","type":"post","link":"https:\/\/canela.rs.gov.br\/sitenovo\/com-apoio-da-prefeitura-de-canela-bombeiros-promovem-4o-capacete-rosa\/","title":{"rendered":"Com apoio da Prefeitura de Canela, Bombeiros promovem 4\u00ba Capacete Rosa"},"content":{"rendered":"\n<p>Na v\u00e9spera do Dia das M\u00e3es e para homenagear a for\u00e7a e o protagonismo feminino, o Corpo de Bombeiros de Canela promove no dia 9 de maio (s\u00e1bado), a 4\u00aa edi\u00e7\u00e3o do evento Capacete Rosa, no Parque do Sesi. A iniciativa contar\u00e1 com uma variada programa\u00e7\u00e3o, com torneio de voleibol, encontro de ve\u00edculos antigos, comercializa\u00e7\u00e3o de produtos diversos, oficinas e apresenta\u00e7\u00f5es culturais e art\u00edsticas, das 8h \u00e0s 18h. A programa\u00e7\u00e3o \u00e9 aberta ao p\u00fablico, com o ingresso sendo um item de higiene feminino.<\/p>\n\n\n\n<p>A sargento do Corpo de Bombeiros, J\u00e9ssika Assmann, destaca que esta edi\u00e7\u00e3o foi pensada para ser especial. \u201cGeralmente o Capacete Rosa acontece em mar\u00e7o, mas neste ano decidimos fazer diferente e homenagear a for\u00e7a, a determina\u00e7\u00e3o e a coragem das m\u00e3es. Por isso, a advogada e coordenadora da Casa Vit\u00f3ria de Canela, Manoela Negrelli, ser\u00e1 a homenageada\u201d, explica.&nbsp;<\/p>\n\n\n\n<p>De acordo com a comiss\u00e3o organiza\u00e7\u00e3o, o Capacete Rosa \u00e9 o maior evento voltado ao p\u00fablico feminino na Serra Ga\u00facha, e foi criado para valorizar o papel feminino na sociedade e tudo que ele representa, por isso conta com a colabora\u00e7\u00e3o de \u00f3rg\u00e3os p\u00fablicos como a Prefeitura de Canela, por meio da Secretaria de Turismo e Cultura e do Departamento Municipal de Esporte e Lazer (Dmel), e o Poder Judici\u00e1rio.<\/p>\n\n\n\n<p>A madrinha da iniciativa, a ju\u00edza Simone Chalela, da Vara da Viol\u00eancia Dom\u00e9stica e do Juizado da Inf\u00e2ncia e Juventude de Canela, afirma que o Capacete Rosa \u00e9 muito mais que um evento festivo, mas oferece um espa\u00e7o de informa\u00e7\u00e3o e acolhimento para as mulheres v\u00edtimas de viol\u00eancia e suas fam\u00edlias. \u201cNesses tr\u00eas anos que participo, o que mais me marcou foi ver mulheres de diferentes classes sociais e de n\u00edveis de estudo, todas juntas, participando de oficinas, das atra\u00e7\u00f5es gratuitas, e \u00e9 muito bom ver que ali n\u00e3o existe rivalidade\u201d, atesta a magistrada.<\/p>\n\n\n\n<p>Inscri\u00e7\u00f5es para o torneio de voleibol e mais informa\u00e7\u00f5es sobre o evento podem ser conferidas no Instagram <a href=\"https:\/\/www.instagram.com\/cbmrs.5bbm\/\" data-type=\"link\" data-id=\"https:\/\/www.instagram.com\/cbmrs.5bbm\/\" target=\"_blank\" rel=\"noopener\">@cbmrs.5bbm<\/a> dos Bombeiros de Canela.<\/p>\n\n\n\n<p><\/p>\n\n\n\n<p><em>Texto: Adriana Rabassa\/Prefeitura de Canela<\/em><\/p>\n","protected":false},"excerpt":{"rendered":"<p>Na v\u00e9spera do Dia das M\u00e3es e para homenagear a for\u00e7a e o protagonismo feminino, o Corpo de Bombeiros de Canela promove no dia 9 de maio (s\u00e1bado), a 4\u00aa edi\u00e7\u00e3o do evento Capacete Rosa, no Parque do Sesi. A iniciativa contar\u00e1 com uma variada programa\u00e7\u00e3o, com torneio de voleibol, encontro de ve\u00edculos antigos, comercializa\u00e7\u00e3o [&hellip;]<\/p>\n","protected":false},"author":3,"featured_media":14589,"comment_status":"open","ping_status":"open","sticky":false,"template":"","format":"standard","meta":{"footnotes":""},"categories":[46,55],"tags":[],"class_list":["post-14588","post","type-post","status-publish","format-standard","has-post-thumbnail","hentry","category-post_esporte","category-post_turismo"],"_links":{"self":[{"href":"https:\/\/canela.rs.gov.br\/sitenovo\/wp-json\/wp\/v2\/posts\/14588","targetHints":{"allow":["GET"]}}],"collection":[{"href":"https:\/\/canela.rs.gov.br\/sitenovo\/wp-json\/wp\/v2\/posts"}],"about":[{"href":"https:\/\/canela.rs.gov.br\/sitenovo\/wp-json\/wp\/v2\/types\/post"}],"author":[{"embeddable":true,"href":"https:\/\/canela.rs.gov.br\/sitenovo\/wp-json\/wp\/v2\/users\/3"}],"replies":[{"embeddable":true,"href":"https:\/\/canela.rs.gov.br\/sitenovo\/wp-json\/wp\/v2\/comments?post=14588"}],"version-history":[{"count":1,"href":"https:\/\/canela.rs.gov.br\/sitenovo\/wp-json\/wp\/v2\/posts\/14588\/revisions"}],"predecessor-version":[{"id":14590,"href":"https:\/\/canela.rs.gov.br\/sitenovo\/wp-json\/wp\/v2\/posts\/14588\/revisions\/14590"}],"wp:featuredmedia":[{"embeddable":true,"href":"https:\/\/canela.rs.gov.br\/sitenovo\/wp-json\/wp\/v2\/media\/14589"}],"wp:attachment":[{"href":"https:\/\/canela.rs.gov.br\/sitenovo\/wp-json\/wp\/v2\/media?parent=14588"}],"wp:term":[{"taxonomy":"category","embeddable":true,"href":"https:\/\/canela.rs.gov.br\/sitenovo\/wp-json\/wp\/v2\/categories?post=14588"},{"taxonomy":"post_tag","embeddable":true,"href":"https:\/\/canela.rs.gov.br\/sitenovo\/wp-json\/wp\/v2\/tags?post=14588"}],"curies":[{"name":"wp","href":"https:\/\/api.w.org\/{rel}","templated":true}]}}