{"id":14582,"date":"2026-04-28T13:57:57","date_gmt":"2026-04-28T16:57:57","guid":{"rendered":"https:\/\/canela.rs.gov.br\/sitenovo\/?p=14582"},"modified":"2026-04-28T13:57:58","modified_gmt":"2026-04-28T16:57:58","slug":"feira-de-adocao-abre-as-portas-do-cempra-e-conecta-animais-a-novos-lares-em-canela","status":"publish","type":"post","link":"https:\/\/canela.rs.gov.br\/sitenovo\/feira-de-adocao-abre-as-portas-do-cempra-e-conecta-animais-a-novos-lares-em-canela\/","title":{"rendered":"Feira de Ado\u00e7\u00e3o abre as portas do Cempra e conecta animais a novos lares em Canela"},"content":{"rendered":"\n<p>Com o objetivo de aproximar a comunidade do trabalho realizado no abrigo municipal e incentivar a ado\u00e7\u00e3o respons\u00e1vel, a Prefeitura de Canela, por meio do Centro de Prote\u00e7\u00e3o Animal (Cempra), promove uma Feira de Ado\u00e7\u00e3o de animais nesta quarta-feira, dia 29 de abril, das 13h30 \u00e0s 16h30. A iniciativa ser\u00e1 realizada no abrigo, que estar\u00e1 de portas abertas para visita\u00e7\u00e3o, proporcionando ao p\u00fablico a oportunidade de conhecer o espa\u00e7o, entender a rotina de cuidados e, principalmente, encontrar um novo companheiro. Ao todo, cerca de 60 c\u00e3es e quatro gatos estar\u00e3o aptos para ado\u00e7\u00e3o.<br>O local fica no interior de Canela,no Banhado Grande. O acesso \u00e9 pela regi\u00e3o da Pousada Cabana da Serra \u2014 aproximadamente 1.600 metros adiante, com entrada \u00e0 esquerda, em estrada de ch\u00e3o. A a\u00e7\u00e3o refor\u00e7a a import\u00e2ncia da ado\u00e7\u00e3o consciente e do cuidado com os animais, al\u00e9m de incentivar a participa\u00e7\u00e3o da comunidade em iniciativas de prote\u00e7\u00e3o e bem-estar animal. \u201cA ideia \u00e9 justamente abrir o abrigo para que a comunidade possa conhecer de perto o nosso trabalho, entender como funciona a rotina de cuidados e, principalmente, criar essa proximidade com os animais e com a causa da ado\u00e7\u00e3o respons\u00e1vel\u201d, destaca a diretora do Cempra, Ione Couto.<\/p>\n\n\n\n<p><em>Texto: Let\u00edcia Lima\/Prefeitura de Canela<\/em><\/p>\n","protected":false},"excerpt":{"rendered":"<p>Com o objetivo de aproximar a comunidade do trabalho realizado no abrigo municipal e incentivar a ado\u00e7\u00e3o respons\u00e1vel, a Prefeitura de Canela, por meio do Centro de Prote\u00e7\u00e3o Animal (Cempra), promove uma Feira de Ado\u00e7\u00e3o de animais nesta quarta-feira, dia 29 de abril, das 13h30 \u00e0s 16h30. A iniciativa ser\u00e1 realizada no abrigo, que estar\u00e1 [&hellip;]<\/p>\n","protected":false},"author":3,"featured_media":14583,"comment_status":"open","ping_status":"open","sticky":false,"template":"","format":"standard","meta":{"footnotes":""},"categories":[218],"tags":[],"class_list":["post-14582","post","type-post","status-publish","format-standard","has-post-thumbnail","hentry","category-causa-animal"],"_links":{"self":[{"href":"https:\/\/canela.rs.gov.br\/sitenovo\/wp-json\/wp\/v2\/posts\/14582","targetHints":{"allow":["GET"]}}],"collection":[{"href":"https:\/\/canela.rs.gov.br\/sitenovo\/wp-json\/wp\/v2\/posts"}],"about":[{"href":"https:\/\/canela.rs.gov.br\/sitenovo\/wp-json\/wp\/v2\/types\/post"}],"author":[{"embeddable":true,"href":"https:\/\/canela.rs.gov.br\/sitenovo\/wp-json\/wp\/v2\/users\/3"}],"replies":[{"embeddable":true,"href":"https:\/\/canela.rs.gov.br\/sitenovo\/wp-json\/wp\/v2\/comments?post=14582"}],"version-history":[{"count":1,"href":"https:\/\/canela.rs.gov.br\/sitenovo\/wp-json\/wp\/v2\/posts\/14582\/revisions"}],"predecessor-version":[{"id":14584,"href":"https:\/\/canela.rs.gov.br\/sitenovo\/wp-json\/wp\/v2\/posts\/14582\/revisions\/14584"}],"wp:featuredmedia":[{"embeddable":true,"href":"https:\/\/canela.rs.gov.br\/sitenovo\/wp-json\/wp\/v2\/media\/14583"}],"wp:attachment":[{"href":"https:\/\/canela.rs.gov.br\/sitenovo\/wp-json\/wp\/v2\/media?parent=14582"}],"wp:term":[{"taxonomy":"category","embeddable":true,"href":"https:\/\/canela.rs.gov.br\/sitenovo\/wp-json\/wp\/v2\/categories?post=14582"},{"taxonomy":"post_tag","embeddable":true,"href":"https:\/\/canela.rs.gov.br\/sitenovo\/wp-json\/wp\/v2\/tags?post=14582"}],"curies":[{"name":"wp","href":"https:\/\/api.w.org\/{rel}","templated":true}]}}