{"id":14532,"date":"2026-04-28T09:52:41","date_gmt":"2026-04-28T12:52:41","guid":{"rendered":"https:\/\/canela.rs.gov.br\/sitenovo\/?p=14532"},"modified":"2026-04-28T09:53:11","modified_gmt":"2026-04-28T12:53:11","slug":"14532-2","status":"publish","type":"post","link":"https:\/\/canela.rs.gov.br\/sitenovo\/14532-2\/","title":{"rendered":"Prefeitura de Canela prorroga prazo para inscri\u00e7\u00f5es nos editais da Pol\u00edtica Nacional Aldir Blanc at\u00e9 30 de maio"},"content":{"rendered":"\n<p>A Prefeitura de Canela, por meio da Secretaria de Turismo e Cultura , prorrogou at\u00e9 o dia 30 de maio o prazo de inscri\u00e7\u00f5es para dois editais vinculados \u00e0 Pol\u00edtica Nacional Aldir Blanc de Fomento \u00e0 Cultura (PNAB).<\/p>\n\n\n\n<p>O Edital n\u00ba 01\/2026 contempla projetos multiculturais, abrangendo diferentes linguagens art\u00edsticas e culturais. J\u00e1 o Edital n\u00ba 02\/2026 \u00e9 direcionado a agentes culturais, com o objetivo de reconhecer, premiar e valorizar sua contribui\u00e7\u00e3o para a cultura local.<\/p>\n\n\n\n<p>De acordo com o Departamento de Cultura, a prorroga\u00e7\u00e3o busca garantir melhor atendimento e suporte aos proponentes, al\u00e9m de ampliar a participa\u00e7\u00e3o e qualificar as propostas apresentadas.<\/p>\n\n\n\n<p>As inscri\u00e7\u00f5es para ambos os editais devem ser realizadas exclusivamente de forma on-line, pelo e-mail&nbsp;<a href=\"mailto:cultura@canela.rs.gov.br\" target=\"_blank\" rel=\"noreferrer noopener\">cultura@canela.rs.gov.br<\/a>, mediante o envio da documenta\u00e7\u00e3o exigida nos editais. No campo \u201cassunto\u201d da mensagem, o proponente deve identificar o edital ao qual est\u00e1 se inscrevendo: \u201cInscri\u00e7\u00e3o no Edital PNAB n\u00ba 01\/2026\u201d ou \u201cInscri\u00e7\u00e3o no Edital PNAB n\u00ba 02\/2026\u201d.<\/p>\n\n\n\n<p>O processo de sele\u00e7\u00e3o seguir\u00e1 as etapas de inscri\u00e7\u00e3o, an\u00e1lise, habilita\u00e7\u00e3o, assinatura do termo de execu\u00e7\u00e3o cultural e repasse dos recursos. As fases de execu\u00e7\u00e3o dos projetos e entrega do relat\u00f3rio final aplicam-se apenas ao edital voltado aos projetos multiculturais. Os cronogramas foram ajustados em fun\u00e7\u00e3o da prorroga\u00e7\u00e3o do prazo e os interessados devem consultar a retifica\u00e7\u00e3o no edital, &nbsp;para verificarem as novas datas e se manterem atualizados.<\/p>\n\n\n\n<p>O Edital n\u00ba 01\/2026 prev\u00ea o repasse total de R$ 212.945,88, distribu\u00eddo entre cinco projetos selecionados, com o valor de R$ 42.589,17 para cada proposta. J\u00e1 o Edital n\u00ba 02\/2026 destinar\u00e1 R$ 64 mil, distribu\u00eddos entre as categorias previstas, contemplando at\u00e9 20 agentes culturais com o valor de R$ 3.200,00 cada.<\/p>\n\n\n\n<p>Os editais da PNAB podem ser acessados na \u00edntegra no site oficial da&nbsp;<a href=\"https:\/\/canela.rs.gov.br\/sitenovo\/\" target=\"_blank\" rel=\"noreferrer noopener\">Prefeitura de Canela<\/a>, no&nbsp;<a href=\"https:\/\/servicosonline.canela.rs.gov.br:8383\/sys523\/publico\/diario.xhtml\" target=\"_blank\" rel=\"noreferrer noopener\">Di\u00e1rio Oficial<\/a>&nbsp;e na aba do&nbsp;<a href=\"https:\/\/canela.rs.gov.br\/sitenovo\/smtc\/cultura\/\" target=\"_blank\" rel=\"noreferrer noopener\">Departamento de Cultura<\/a>. Mais informa\u00e7\u00f5es podem ser obtidas pelo telefone (54) 3282-5189.<\/p>\n\n\n\n<p><\/p>\n\n\n\n<p><\/p>\n","protected":false},"excerpt":{"rendered":"<p>A Prefeitura de Canela, por meio da Secretaria de Turismo e Cultura , prorrogou at\u00e9 o dia 30 de maio o prazo de inscri\u00e7\u00f5es para dois editais vinculados \u00e0 Pol\u00edtica Nacional Aldir Blanc de Fomento \u00e0 Cultura (PNAB). O Edital n\u00ba 01\/2026 contempla projetos multiculturais, abrangendo diferentes linguagens art\u00edsticas e culturais. J\u00e1 o Edital n\u00ba [&hellip;]<\/p>\n","protected":false},"author":3,"featured_media":14533,"comment_status":"open","ping_status":"open","sticky":false,"template":"","format":"standard","meta":{"footnotes":""},"categories":[56],"tags":[],"class_list":["post-14532","post","type-post","status-publish","format-standard","has-post-thumbnail","hentry","category-post_cultura"],"_links":{"self":[{"href":"https:\/\/canela.rs.gov.br\/sitenovo\/wp-json\/wp\/v2\/posts\/14532","targetHints":{"allow":["GET"]}}],"collection":[{"href":"https:\/\/canela.rs.gov.br\/sitenovo\/wp-json\/wp\/v2\/posts"}],"about":[{"href":"https:\/\/canela.rs.gov.br\/sitenovo\/wp-json\/wp\/v2\/types\/post"}],"author":[{"embeddable":true,"href":"https:\/\/canela.rs.gov.br\/sitenovo\/wp-json\/wp\/v2\/users\/3"}],"replies":[{"embeddable":true,"href":"https:\/\/canela.rs.gov.br\/sitenovo\/wp-json\/wp\/v2\/comments?post=14532"}],"version-history":[{"count":2,"href":"https:\/\/canela.rs.gov.br\/sitenovo\/wp-json\/wp\/v2\/posts\/14532\/revisions"}],"predecessor-version":[{"id":14535,"href":"https:\/\/canela.rs.gov.br\/sitenovo\/wp-json\/wp\/v2\/posts\/14532\/revisions\/14535"}],"wp:featuredmedia":[{"embeddable":true,"href":"https:\/\/canela.rs.gov.br\/sitenovo\/wp-json\/wp\/v2\/media\/14533"}],"wp:attachment":[{"href":"https:\/\/canela.rs.gov.br\/sitenovo\/wp-json\/wp\/v2\/media?parent=14532"}],"wp:term":[{"taxonomy":"category","embeddable":true,"href":"https:\/\/canela.rs.gov.br\/sitenovo\/wp-json\/wp\/v2\/categories?post=14532"},{"taxonomy":"post_tag","embeddable":true,"href":"https:\/\/canela.rs.gov.br\/sitenovo\/wp-json\/wp\/v2\/tags?post=14532"}],"curies":[{"name":"wp","href":"https:\/\/api.w.org\/{rel}","templated":true}]}}