{"id":14527,"date":"2026-04-27T16:29:30","date_gmt":"2026-04-27T19:29:30","guid":{"rendered":"https:\/\/canela.rs.gov.br\/sitenovo\/?p=14527"},"modified":"2026-04-27T16:29:31","modified_gmt":"2026-04-27T19:29:31","slug":"disputas-das-quartas-de-final-da-serie-bronze-de-canela-acontecem-nesta-segunda-feira","status":"publish","type":"post","link":"https:\/\/canela.rs.gov.br\/sitenovo\/disputas-das-quartas-de-final-da-serie-bronze-de-canela-acontecem-nesta-segunda-feira\/","title":{"rendered":"Disputas das quartas de final da S\u00e9rie Bronze de Canela acontecem nesta segunda-feira"},"content":{"rendered":"\n<p>O Campeonato Municipal de Futsal S\u00e9rie Bronze de Canela entra em sua fase decisiva nesta segunda-feira, dia 27, com a realiza\u00e7\u00e3o das partidas v\u00e1lidas pelas quartas de final. Os jogos acontecem a partir das 19h, no Gin\u00e1sio Carlinhos da Vila.<\/p>\n\n\n\n<p>Entram em quadra para os confrontos da noite as equipes: Oito e Meia x Projeto 25; Galera da Estev\u00e3o\/Amigos do Mael x MB Sports B; Ice Club x Del Trago Futsal; e Canela Autom\u00f3veis x Kamale\u00f3n. Os vencedores garantem vaga nas semifinais, previstas para o dia 30 de abril.<\/p>\n\n\n\n<p>A competi\u00e7\u00e3o \u00e9 promovida pela Prefeitura de Canela, por meio do Departamento Municipal de Esporte e Lazer (DMEL), reunindo equipes do munic\u00edpio em mais uma edi\u00e7\u00e3o do campeonato.<\/p>\n\n\n\n<p>Mais informa\u00e7\u00f5es sobre a competi\u00e7\u00e3o, incluindo tabela e resultados, est\u00e3o dispon\u00edveis no <a href=\"https:\/\/www.copafacil.com\/2026bronzecanela\" target=\"_blank\" rel=\"noopener\">site <\/a>oficial do campeonato.<\/p>\n\n\n\n<p><\/p>\n","protected":false},"excerpt":{"rendered":"<p>O Campeonato Municipal de Futsal S\u00e9rie Bronze de Canela entra em sua fase decisiva nesta segunda-feira, dia 27, com a realiza\u00e7\u00e3o das partidas v\u00e1lidas pelas quartas de final. Os jogos acontecem a partir das 19h, no Gin\u00e1sio Carlinhos da Vila. Entram em quadra para os confrontos da noite as equipes: Oito e Meia x Projeto [&hellip;]<\/p>\n","protected":false},"author":3,"featured_media":14528,"comment_status":"open","ping_status":"open","sticky":false,"template":"","format":"standard","meta":{"footnotes":""},"categories":[46],"tags":[],"class_list":["post-14527","post","type-post","status-publish","format-standard","has-post-thumbnail","hentry","category-post_esporte"],"_links":{"self":[{"href":"https:\/\/canela.rs.gov.br\/sitenovo\/wp-json\/wp\/v2\/posts\/14527","targetHints":{"allow":["GET"]}}],"collection":[{"href":"https:\/\/canela.rs.gov.br\/sitenovo\/wp-json\/wp\/v2\/posts"}],"about":[{"href":"https:\/\/canela.rs.gov.br\/sitenovo\/wp-json\/wp\/v2\/types\/post"}],"author":[{"embeddable":true,"href":"https:\/\/canela.rs.gov.br\/sitenovo\/wp-json\/wp\/v2\/users\/3"}],"replies":[{"embeddable":true,"href":"https:\/\/canela.rs.gov.br\/sitenovo\/wp-json\/wp\/v2\/comments?post=14527"}],"version-history":[{"count":1,"href":"https:\/\/canela.rs.gov.br\/sitenovo\/wp-json\/wp\/v2\/posts\/14527\/revisions"}],"predecessor-version":[{"id":14529,"href":"https:\/\/canela.rs.gov.br\/sitenovo\/wp-json\/wp\/v2\/posts\/14527\/revisions\/14529"}],"wp:featuredmedia":[{"embeddable":true,"href":"https:\/\/canela.rs.gov.br\/sitenovo\/wp-json\/wp\/v2\/media\/14528"}],"wp:attachment":[{"href":"https:\/\/canela.rs.gov.br\/sitenovo\/wp-json\/wp\/v2\/media?parent=14527"}],"wp:term":[{"taxonomy":"category","embeddable":true,"href":"https:\/\/canela.rs.gov.br\/sitenovo\/wp-json\/wp\/v2\/categories?post=14527"},{"taxonomy":"post_tag","embeddable":true,"href":"https:\/\/canela.rs.gov.br\/sitenovo\/wp-json\/wp\/v2\/tags?post=14527"}],"curies":[{"name":"wp","href":"https:\/\/api.w.org\/{rel}","templated":true}]}}