{"id":14523,"date":"2026-04-27T11:58:17","date_gmt":"2026-04-27T14:58:17","guid":{"rendered":"https:\/\/canela.rs.gov.br\/sitenovo\/?p=14523"},"modified":"2026-04-27T13:34:53","modified_gmt":"2026-04-27T16:34:53","slug":"semana-literaria-da-escola-santa-terezinha-inicia-com-programacao-cultural-intensa","status":"publish","type":"post","link":"https:\/\/canela.rs.gov.br\/sitenovo\/semana-literaria-da-escola-santa-terezinha-inicia-com-programacao-cultural-intensa\/","title":{"rendered":"Semana Liter\u00e1ria da Escola Santa Terezinha inicia com programa\u00e7\u00e3o cultural intensa"},"content":{"rendered":"\n<p>Com o objetivo de incentivar o h\u00e1bito da leitura entre os estudantes, a Escola Municipal Santa Terezinha realiza, de 27 a 30 de abril, a Semana Liter\u00e1ria \u201cEntre P\u00e1ginas e Descobertas\u201d. A abertura do evento ocorreu na manh\u00e3 desta segunda-feira (27), com a participa\u00e7\u00e3o do prefeito em exerc\u00edcio e secret\u00e1rio de Educa\u00e7\u00e3o, Gilberto Tegner.<\/p>\n\n\n\n<p>A programa\u00e7\u00e3o iniciou com a apresenta\u00e7\u00e3o das personalidades convidadas, seguida do pronunciamento do prefeito. \u201cAgrade\u00e7o o convite e fico feliz em compartilhar este momento com voc\u00eas. Canela \u00e9 um lugar privilegiado, e esta escola \u00e9 muito especial, pois h\u00e1 grande dedica\u00e7\u00e3o dos professores e da dire\u00e7\u00e3o em promover iniciativas como esta, que despertam a curiosidade e proporcionam conhecimento e troca de experi\u00eancias\u201d, destacou Tegner.<\/p>\n\n\n\n<p>Na sequ\u00eancia, foi realizada uma entrevista com o prefeito em exerc\u00edcio, que respondeu a questionamentos dos alunos sobre temas como a pr\u00e1tica da pol\u00edtica, a situa\u00e7\u00e3o do pa\u00eds e sua percep\u00e7\u00e3o sobre a poesia, entre outros assuntos.<\/p>\n\n\n\n<p>Ainda durante a manh\u00e3, a programa\u00e7\u00e3o contou com a conta\u00e7\u00e3o de hist\u00f3rias \u201cSe eu fosse uma \u00e1rvore\u201d, com a escritora Cec\u00edlia Lamas, destinada \u00e0s turmas de 3\u00ba e 4\u00ba anos. Tamb\u00e9m foram realizadas a roda de conversa \u201cVaral do Josu\u00e9\u201d, conduzida por Adriana Guimar\u00e3es, abordando a vida e a obra do escritor Josu\u00e9 Guimar\u00e3es, e o bate-papo \u201cA Hist\u00f3ria de Ismar\u201d, com T\u00e2nia Pereira.<\/p>\n\n\n\n<p>Dando continuidade \u00e0s atividades, no turno da tarde ocorreu a roda de conversa \u201cEntre Versos e Cria\u00e7\u00f5es\u201d, com o autor Pedro Jules.<\/p>\n\n\n\n<p>De acordo com a diretora da escola, Gilsa Kerschner, o evento busca promover a leitura como instrumento de transforma\u00e7\u00e3o, di\u00e1logo e constru\u00e7\u00e3o de sentidos, por meio de atividades interativas. \u201cAgrade\u00e7o a todos que se dedicaram e contribu\u00edram para tornar esta programa\u00e7\u00e3o poss\u00edvel\u201d, ressaltou.<\/p>\n\n\n\n<p>Al\u00e9m do secret\u00e1rio de Educa\u00e7\u00e3o, Gilberto Tegner, tamb\u00e9m estiveram presentes na abertura o secret\u00e1rio adjunto de Educa\u00e7\u00e3o, Evandro Nunes; a filha do escritor Josu\u00e9 Guimar\u00e3es, Adriana Guimar\u00e3es; a representante do Clube do Livro de Canela, T\u00e2nia Pereira; e a presidente do Sindicato dos Servidores Municipais, Carine Muller Pereira.<\/p>\n\n\n\n<p>A Semana Liter\u00e1ria segue at\u00e9 o dia 30 de abril, com uma programa\u00e7\u00e3o diversificada voltada \u00e0 comunidade escolar.<\/p>\n\n\n\n<p><\/p>\n","protected":false},"excerpt":{"rendered":"<p>Com o objetivo de incentivar o h\u00e1bito da leitura entre os estudantes, a Escola Municipal Santa Terezinha realiza, de 27 a 30 de abril, a Semana Liter\u00e1ria \u201cEntre P\u00e1ginas e Descobertas\u201d. A abertura do evento ocorreu na manh\u00e3 desta segunda-feira (27), com a participa\u00e7\u00e3o do prefeito em exerc\u00edcio e secret\u00e1rio de Educa\u00e7\u00e3o, Gilberto Tegner. A [&hellip;]<\/p>\n","protected":false},"author":3,"featured_media":14524,"comment_status":"open","ping_status":"open","sticky":false,"template":"","format":"standard","meta":{"footnotes":""},"categories":[45,164],"tags":[],"class_list":["post-14523","post","type-post","status-publish","format-standard","has-post-thumbnail","hentry","category-post_educacao","category-destaque"],"_links":{"self":[{"href":"https:\/\/canela.rs.gov.br\/sitenovo\/wp-json\/wp\/v2\/posts\/14523","targetHints":{"allow":["GET"]}}],"collection":[{"href":"https:\/\/canela.rs.gov.br\/sitenovo\/wp-json\/wp\/v2\/posts"}],"about":[{"href":"https:\/\/canela.rs.gov.br\/sitenovo\/wp-json\/wp\/v2\/types\/post"}],"author":[{"embeddable":true,"href":"https:\/\/canela.rs.gov.br\/sitenovo\/wp-json\/wp\/v2\/users\/3"}],"replies":[{"embeddable":true,"href":"https:\/\/canela.rs.gov.br\/sitenovo\/wp-json\/wp\/v2\/comments?post=14523"}],"version-history":[{"count":1,"href":"https:\/\/canela.rs.gov.br\/sitenovo\/wp-json\/wp\/v2\/posts\/14523\/revisions"}],"predecessor-version":[{"id":14525,"href":"https:\/\/canela.rs.gov.br\/sitenovo\/wp-json\/wp\/v2\/posts\/14523\/revisions\/14525"}],"wp:featuredmedia":[{"embeddable":true,"href":"https:\/\/canela.rs.gov.br\/sitenovo\/wp-json\/wp\/v2\/media\/14524"}],"wp:attachment":[{"href":"https:\/\/canela.rs.gov.br\/sitenovo\/wp-json\/wp\/v2\/media?parent=14523"}],"wp:term":[{"taxonomy":"category","embeddable":true,"href":"https:\/\/canela.rs.gov.br\/sitenovo\/wp-json\/wp\/v2\/categories?post=14523"},{"taxonomy":"post_tag","embeddable":true,"href":"https:\/\/canela.rs.gov.br\/sitenovo\/wp-json\/wp\/v2\/tags?post=14523"}],"curies":[{"name":"wp","href":"https:\/\/api.w.org\/{rel}","templated":true}]}}