{"id":14520,"date":"2026-04-27T09:04:33","date_gmt":"2026-04-27T12:04:33","guid":{"rendered":"https:\/\/canela.rs.gov.br\/sitenovo\/?p=14520"},"modified":"2026-04-27T09:04:56","modified_gmt":"2026-04-27T12:04:56","slug":"canela-prepara-programacao-alusiva-ao-dia-de-luta-antimanicomial-e-de-enfrentamento-a-violencia-sexual-infanto-juvenil","status":"publish","type":"post","link":"https:\/\/canela.rs.gov.br\/sitenovo\/canela-prepara-programacao-alusiva-ao-dia-de-luta-antimanicomial-e-de-enfrentamento-a-violencia-sexual-infanto-juvenil\/","title":{"rendered":"Canela prepara programa\u00e7\u00e3o alusiva ao Dia de Luta Antimanicomial e de enfrentamento \u00e0 viol\u00eancia sexual infanto-juvenil"},"content":{"rendered":"\n<p>O 18 de maio \u00e9 marcado por duas datas: o Dia de Luta Antimanicomial e o Dia de Enfrentamento \u00e0 Viol\u00eancia Sexual de Crian\u00e7as e Adolescentes. Para destacar os dois assuntos e chamar a aten\u00e7\u00e3o da comunidade para essas quest\u00f5es, Canela prepara uma programa\u00e7\u00e3o especial at\u00e9 o dia 22, envolvendo semin\u00e1rio tem\u00e1tico, caminhada e oficinas nas escolas. O tema abordado no evento, em 2026, ser\u00e1 \u201cLiberdade se constr\u00f3i com cuidado:nenhuma inf\u00e2ncia deve ser silenciada, nenhum sofrimento deve ser aprisionado\u201d.<\/p>\n\n\n\n<p>Na segunda-feira, 18, pela manh\u00e3, a rede intersetorial de educa\u00e7\u00e3o, sa\u00fade e assist\u00eancia de Canela, que atende o p\u00fablico infanto-juvenil, se reunir\u00e1 no audit\u00f3rio da Universidade de Caxias do Sul &#8211; Campus Hort\u00eansias, para discutir o atendimento especializado em sa\u00fade mental para esse p\u00fablico. Al\u00e9m da apresenta\u00e7\u00e3o de dados sobre o servi\u00e7o no munic\u00edpio, tamb\u00e9m participam do evento profissionais do Centro de Aten\u00e7\u00e3o Psicossocial Infanto-juvenil (CAPSi) de Novo Hamburgo, refer\u00eancia na \u00e1rea em todo o Rio Grande do Sul.<\/p>\n\n\n\n<p>\u00c0 tarde, toda a comunidade canelense, \u00f3rg\u00e3os p\u00fablicos e entidades envolvidas com crian\u00e7as e adolescentes e com a sa\u00fade mental s\u00e3o convidados a participar da caminhada de conscientiza\u00e7\u00e3o contra o abuso e \u00e0 explora\u00e7\u00e3o sexual dos menores de idade. A atividade partir\u00e1 da frente da Catedral de Pedra e percorrer\u00e1 o centro da cidade, finalizando na Pra\u00e7a Jo\u00e3o Corr\u00eaa.<\/p>\n\n\n\n<p>Ainda, \u00e0 noite, o Conselho Tutelar de Canela ir\u00e1 representar a rede intersetorial durante a sess\u00e3o ordin\u00e1ria da C\u00e2mara de Vereadores, utilizando a Tribuna do Povo para falar ao p\u00fablico sobre a import\u00e2ncia da prote\u00e7\u00e3o integral \u00e0s crian\u00e7as e adolescentes.<\/p>\n\n\n\n<p>At\u00e9 o dia 22 de maio, as escolas locais tamb\u00e9m ir\u00e3o receber oficinas sobre sa\u00fade mental, promovidas pelos psic\u00f3logos da rede municipal e direcionadas aos estudantes. Mais institui\u00e7\u00f5es podem ingressar no cronograma de atividades, al\u00e9m das escolas Severino Travi, Bertholdo Oppitz, Jo\u00e3o Alfredo Corr\u00eaa Pinto, Bar\u00e3o do Rio Branco, Santa Terezinha, Ernesto Dorneles, Noeli de Azevedo, Dante Bertoluci e C\u00f4nego Jo\u00e3o Marchesi que j\u00e1 est\u00e3o inscritas para sediar as aulas.<\/p>\n\n\n\n<p>A programa\u00e7\u00e3o da semana alusiva ao Dia de Luta Antimanicomial e de Enfrentamento \u00e0 Viol\u00eancia Sexual Infanto-juvenil \u00e9 promovida pela Prefeitura de Canela, por meio das secretarias de Sa\u00fade, de Educa\u00e7\u00e3o, Esporte e Lazer e de Assist\u00eancia, Desenvolvimento Social, Cidadania e Habita\u00e7\u00e3o, com o apoio dos demais \u00f3rg\u00e3os que integram a rede de prote\u00e7\u00e3o local.<\/p>\n\n\n\n<p><strong>Confira a programa\u00e7\u00e3o completa abaixo:<\/strong><\/p>\n\n\n\n<p><strong><em>18 de Maio (Segunda-feira)<\/em><\/strong><\/p>\n\n\n\n<p><em>8h30 \u00e0s 11h&nbsp;<\/em>&#8211; Semin\u00e1rio sobre Aten\u00e7\u00e3o Especializada em Sa\u00fade Mental Infanto-juvenil<br>Local: Audit\u00f3rio da UCS Campus Hort\u00eansias<\/p>\n\n\n\n<p><strong>Palestras:<\/strong><\/p>\n\n\n\n<p>\u201cDesafios e perspectivas na sa\u00fade mental de crian\u00e7as e adolescentes em Canela\u201d, com o secret\u00e1rio municipal de Sa\u00fade, Jean Spall.<\/p>\n\n\n\n<p>\u201cAten\u00e7\u00e3o Psicossocial Infanto-juvenil: Boas Pr\u00e1ticas em Sa\u00fade Mental \u2013 Apresenta\u00e7\u00e3o do Centro de Aten\u00e7\u00e3o Psicossocial Infanto-juvenil de Novo Hamburgo\u201d, com o enfermeiro e especialista em Educa\u00e7\u00e3o e Sa\u00fade Mental Coletiva, Isaquiel Macedo da Rosa, e o psic\u00f3logo e mestre em Psicologia, Glauce Janaina Viana.<\/p>\n\n\n\n<p><em>14h<\/em>&nbsp;&#8211; Caminhada de conscientiza\u00e7\u00e3o pelo enfrentamento \u00e0 explora\u00e7\u00e3o e o abuso sexual de crian\u00e7as e adolescentes, com o tema \u201cLiberdade se constr\u00f3i com cuidado: nenhuma inf\u00e2ncia deve ser silenciada, nenhum sofrimento deve ser aprisionado\u201d.<br>Concentra\u00e7\u00e3o: Catedral de Pedra &#8211; percurso passar\u00e1 pela Prefeitura, C\u00e2mara de Vereadores, Minist\u00e9rio P\u00fablico, Foro da Comarca de Canela e seguir\u00e1 at\u00e9 a Pra\u00e7a Jo\u00e3o Corr\u00eaa, onde encerra.<br>*Participa\u00e7\u00e3o das Bandas das Meninas das Escolas Municipais Bertholdo Opptiz e Dante Bertoluci, da Rede de Prote\u00e7\u00e3o e comunidade.<\/p>\n\n\n\n<p><em>19h<\/em>&nbsp;&#8211; Fala do Conselho Tutelar durante a sess\u00e3o ordin\u00e1ria da C\u00e2mara de Vereadores, na Tribuna do Povo, sobre \u201cA prote\u00e7\u00e3o integral de crian\u00e7as e adolescentes, compromisso de todos\u201d.<\/p>\n\n\n\n<p><strong><em>19 a 22 de Maio (Ter\u00e7a a sexta-feira)<\/em><\/strong><\/p>\n\n\n\n<p>Oficinas &nbsp;sobre sa\u00fade mental nas escolas de Canela com psic\u00f3logos da rede intersetorial municipal de sa\u00fade e educa\u00e7\u00e3o<br>Tema: \u201cFa\u00e7a Bonito\u201d, campanha nacional de enfrentamento \u00e0 viol\u00eancia sexual contra crian\u00e7as e adolescentes. &nbsp;<br>Escolas participantes: Severino Travi, Bertholdo Oppitz, Jo\u00e3o Alfredo Corr\u00eaa Pinto, Bar\u00e3o do Rio Branco, Santa Terezinha, Ernesto Dorneles, Noeli de Azevedo, Dante Bertoluci e C\u00f4nego Jo\u00e3o Marchesi. Mais escolas podem ser inclu\u00eddas no cronograma de atividades.<\/p>\n\n\n\n<p><em>Reda\u00e7\u00e3o: Adriana Rabassa\/Prefeitura de Canela<\/em><\/p>\n","protected":false},"excerpt":{"rendered":"<p>O 18 de maio \u00e9 marcado por duas datas: o Dia de Luta Antimanicomial e o Dia de Enfrentamento \u00e0 Viol\u00eancia Sexual de Crian\u00e7as e Adolescentes. Para destacar os dois assuntos e chamar a aten\u00e7\u00e3o da comunidade para essas quest\u00f5es, Canela prepara uma programa\u00e7\u00e3o especial at\u00e9 o dia 22, envolvendo semin\u00e1rio tem\u00e1tico, caminhada e oficinas [&hellip;]<\/p>\n","protected":false},"author":3,"featured_media":14521,"comment_status":"open","ping_status":"open","sticky":false,"template":"","format":"standard","meta":{"footnotes":""},"categories":[164,43,45,144],"tags":[],"class_list":["post-14520","post","type-post","status-publish","format-standard","has-post-thumbnail","hentry","category-destaque","category-post_assistencia-social","category-post_educacao","category-saude"],"_links":{"self":[{"href":"https:\/\/canela.rs.gov.br\/sitenovo\/wp-json\/wp\/v2\/posts\/14520","targetHints":{"allow":["GET"]}}],"collection":[{"href":"https:\/\/canela.rs.gov.br\/sitenovo\/wp-json\/wp\/v2\/posts"}],"about":[{"href":"https:\/\/canela.rs.gov.br\/sitenovo\/wp-json\/wp\/v2\/types\/post"}],"author":[{"embeddable":true,"href":"https:\/\/canela.rs.gov.br\/sitenovo\/wp-json\/wp\/v2\/users\/3"}],"replies":[{"embeddable":true,"href":"https:\/\/canela.rs.gov.br\/sitenovo\/wp-json\/wp\/v2\/comments?post=14520"}],"version-history":[{"count":1,"href":"https:\/\/canela.rs.gov.br\/sitenovo\/wp-json\/wp\/v2\/posts\/14520\/revisions"}],"predecessor-version":[{"id":14522,"href":"https:\/\/canela.rs.gov.br\/sitenovo\/wp-json\/wp\/v2\/posts\/14520\/revisions\/14522"}],"wp:featuredmedia":[{"embeddable":true,"href":"https:\/\/canela.rs.gov.br\/sitenovo\/wp-json\/wp\/v2\/media\/14521"}],"wp:attachment":[{"href":"https:\/\/canela.rs.gov.br\/sitenovo\/wp-json\/wp\/v2\/media?parent=14520"}],"wp:term":[{"taxonomy":"category","embeddable":true,"href":"https:\/\/canela.rs.gov.br\/sitenovo\/wp-json\/wp\/v2\/categories?post=14520"},{"taxonomy":"post_tag","embeddable":true,"href":"https:\/\/canela.rs.gov.br\/sitenovo\/wp-json\/wp\/v2\/tags?post=14520"}],"curies":[{"name":"wp","href":"https:\/\/api.w.org\/{rel}","templated":true}]}}