{"id":14477,"date":"2026-04-24T09:39:11","date_gmt":"2026-04-24T12:39:11","guid":{"rendered":"https:\/\/canela.rs.gov.br\/sitenovo\/?p=14477"},"modified":"2026-04-24T09:39:13","modified_gmt":"2026-04-24T12:39:13","slug":"feira-canela-verde-tem-data-transferida-em-razao-da-previsao-do-tempo","status":"publish","type":"post","link":"https:\/\/canela.rs.gov.br\/sitenovo\/feira-canela-verde-tem-data-transferida-em-razao-da-previsao-do-tempo\/","title":{"rendered":"Feira Canela + Verde tem data transferida em raz\u00e3o da previs\u00e3o do tempo"},"content":{"rendered":"\n<p>A Prefeitura de Canela informa que a edi\u00e7\u00e3o da Feira Canela + Verde, inicialmente prevista para este s\u00e1bado, dia 25, no Parque do Lago, ser\u00e1 realizada em nova data, considerando a previs\u00e3o de chuvas intensas para o per\u00edodo. O evento foi remarcado para o dia 9 de maio, v\u00e9spera do Dia das M\u00e3es, das 9h \u00e0s 12h, no mesmo local.<br>De acordo com a Secretaria de Meio Ambiente e Urbanismo, que promove a Feira, a programa\u00e7\u00e3o seguir\u00e1 com diversas a\u00e7\u00f5es voltadas \u00e0 sustentabilidade, incluindo a distribui\u00e7\u00e3o de mudas de plantas nativas, recolhimento de res\u00edduos eletr\u00f4nicos e a comercializa\u00e7\u00e3o de produtos de agricultores e artes\u00e3os locais. Tamb\u00e9m est\u00e1 confirmada a tradicional feira de ado\u00e7\u00e3o animal do Centro Municipal de Prote\u00e7\u00e3o aos Animais (Cempra), com foco no incentivo \u00e0 ado\u00e7\u00e3o respons\u00e1vel.<\/p>\n\n\n\n<p>Texto: Adriana Rabassa\/Prefeitura de Canela<\/p>\n","protected":false},"excerpt":{"rendered":"<p>A Prefeitura de Canela informa que a edi\u00e7\u00e3o da Feira Canela + Verde, inicialmente prevista para este s\u00e1bado, dia 25, no Parque do Lago, ser\u00e1 realizada em nova data, considerando a previs\u00e3o de chuvas intensas para o per\u00edodo. O evento foi remarcado para o dia 9 de maio, v\u00e9spera do Dia das M\u00e3es, das 9h [&hellip;]<\/p>\n","protected":false},"author":3,"featured_media":14478,"comment_status":"open","ping_status":"open","sticky":false,"template":"","format":"standard","meta":{"footnotes":""},"categories":[48],"tags":[],"class_list":["post-14477","post","type-post","status-publish","format-standard","has-post-thumbnail","hentry","category-post_meio-ambiente"],"_links":{"self":[{"href":"https:\/\/canela.rs.gov.br\/sitenovo\/wp-json\/wp\/v2\/posts\/14477","targetHints":{"allow":["GET"]}}],"collection":[{"href":"https:\/\/canela.rs.gov.br\/sitenovo\/wp-json\/wp\/v2\/posts"}],"about":[{"href":"https:\/\/canela.rs.gov.br\/sitenovo\/wp-json\/wp\/v2\/types\/post"}],"author":[{"embeddable":true,"href":"https:\/\/canela.rs.gov.br\/sitenovo\/wp-json\/wp\/v2\/users\/3"}],"replies":[{"embeddable":true,"href":"https:\/\/canela.rs.gov.br\/sitenovo\/wp-json\/wp\/v2\/comments?post=14477"}],"version-history":[{"count":1,"href":"https:\/\/canela.rs.gov.br\/sitenovo\/wp-json\/wp\/v2\/posts\/14477\/revisions"}],"predecessor-version":[{"id":14479,"href":"https:\/\/canela.rs.gov.br\/sitenovo\/wp-json\/wp\/v2\/posts\/14477\/revisions\/14479"}],"wp:featuredmedia":[{"embeddable":true,"href":"https:\/\/canela.rs.gov.br\/sitenovo\/wp-json\/wp\/v2\/media\/14478"}],"wp:attachment":[{"href":"https:\/\/canela.rs.gov.br\/sitenovo\/wp-json\/wp\/v2\/media?parent=14477"}],"wp:term":[{"taxonomy":"category","embeddable":true,"href":"https:\/\/canela.rs.gov.br\/sitenovo\/wp-json\/wp\/v2\/categories?post=14477"},{"taxonomy":"post_tag","embeddable":true,"href":"https:\/\/canela.rs.gov.br\/sitenovo\/wp-json\/wp\/v2\/tags?post=14477"}],"curies":[{"name":"wp","href":"https:\/\/api.w.org\/{rel}","templated":true}]}}