{"id":14474,"date":"2026-04-24T08:49:24","date_gmt":"2026-04-24T11:49:24","guid":{"rendered":"https:\/\/canela.rs.gov.br\/sitenovo\/?p=14474"},"modified":"2026-04-24T08:49:26","modified_gmt":"2026-04-24T11:49:26","slug":"em-novo-endereco-central-de-triagem-de-residuos-de-canela-reforca-orientacoes-a-comunidade","status":"publish","type":"post","link":"https:\/\/canela.rs.gov.br\/sitenovo\/em-novo-endereco-central-de-triagem-de-residuos-de-canela-reforca-orientacoes-a-comunidade\/","title":{"rendered":"Em novo endere\u00e7o, Central de Triagem de Res\u00edduos de Canela refor\u00e7a orienta\u00e7\u00f5es \u00e0 comunidade"},"content":{"rendered":"\n<p>A Prefeitura de Canela informa que a Central de Triagem de Res\u00edduos do munic\u00edpio est\u00e1 atendendo em novo endere\u00e7o, localizado no Distrito Industrial. O espa\u00e7o vem passando por melhorias e adequa\u00e7\u00f5es, com o objetivo de qualificar ainda mais os servi\u00e7os de reciclagem e organiza\u00e7\u00e3o dos materiais coletados.<br>Atualmente, cerca de 30 fam\u00edlias t\u00eam na atividade de triagem sua principal fonte de renda, o que refor\u00e7a a import\u00e2ncia do trabalho desenvolvido no local. Al\u00e9m do impacto social, a correta destina\u00e7\u00e3o dos res\u00edduos contribui para a sustentabilidade e tamb\u00e9m para a redu\u00e7\u00e3o de custos p\u00fablicos, ao diminuir o volume de materiais encaminhados ao aterro sanit\u00e1rio.<br>A Administra\u00e7\u00e3o Municipal refor\u00e7a a import\u00e2ncia da colabora\u00e7\u00e3o da comunidade, especialmente na separa\u00e7\u00e3o adequada dos res\u00edduos entre org\u00e2nicos e recicl\u00e1veis, bem como no respeito aos dias e hor\u00e1rios da coleta seletiva. A Central de Triagem est\u00e1 localizada na Rua Radial Leste, n\u00ba 130, no bairro Distrito Industrial. Mais informa\u00e7\u00f5es podem ser obtidas pelo telefone (54) 9 9119-6412 ou pelo e-mail&nbsp;<a href=\"mailto:coletaseletiva@canela.rs.gov.br\" target=\"_blank\" rel=\"noreferrer noopener\">coletaseletiva@canela.rs.gov.br<\/a>.<\/p>\n\n\n\n<p>Confira o cronograma de coleta de res\u00edduos em Canela:<\/p>\n\n\n\n<p><strong>ZONA URBANA<\/strong><br><strong>COLETA DE RES\u00cdDUOS S\u00d3LIDOS ORG\u00c2NICOS<\/strong><br><strong>Setor 1<\/strong><br>Bairros: Sequoias, Sesi, Eug\u00eanio Ferreira, S\u00e3o Lucas e Jardim Mariana<br>Segundas, quartas e sextas-feiras \u2013 manh\u00e3.<br><strong>Setor 2<\/strong><br>Bairros: Hort\u00eansias, S\u00e3o Jos\u00e9, Santa Marta, Vila Dante, Reserva e Laje<br>Segundas, quartas e sextas-feiras \u2013 manh\u00e3.<br><strong>Setor 3<\/strong><br>Bairros: Caracol, Pinheiro Grosso, Su\u00ed\u00e7a, Vila Suzana e Luiza Corr\u00eaa<br>Segundas, quartas e sextas-feiras \u2013 manh\u00e3.<br><strong>Setor 4<\/strong><br>Bairros: Celulose, Vila Boeira, Serrano e Centro<br>Segundas, quartas e sextas \u2013 manh\u00e3.<br><strong>Setor 5<\/strong><br>Bairros: Rancho Jane, Saiqui, Jardim das Fontes, S\u00e3o Rafael e Distrito Industrial<br>Ter\u00e7as, quintas-feiras e aos s\u00e1bados \u2013 manh\u00e3.<br><strong>Setor 6<\/strong><br>Bairros: Ca\u00e7ador, Ulisses de Abreu, S\u00e3o Luiz, Bom Jesus e Canelinha<br>Ter\u00e7as, quintas-feiras e aos s\u00e1bados \u2013 manh\u00e3.<br><strong>Setor 7<\/strong><br>Bairros: Alpes Verdes, Palace Hotel, Quinta da Serra, Santa Terezinha, Maggi e Leodoro de Azevedo<br>Ter\u00e7as, quintas-feiras e aos s\u00e1bados \u2013 manh\u00e3.<\/p>\n\n\n\n<p><strong>COLETA DE RES\u00cdDUOS S\u00d3LIDOS RECICL\u00c1VEIS<\/strong><br><strong>Setor 1<\/strong><br>Bairros: Sequoias, SESI, Eug\u00eanio Ferreira, S\u00e3o Lucas e Jardim Mariana<br>Ter\u00e7as e quintas-feiras \u2013 manh\u00e3.<br><strong>Setor 2<\/strong><br>Bairros: Hort\u00eansias, S\u00e3o Jos\u00e9, Santa Marta, Vila Dante, Reserva e Laje<br>Ter\u00e7as e quintas-feiras \u2013 manh\u00e3.<br><strong>Setor 3<\/strong><br>Bairros: Caracol, Pinheiro Grosso, Su\u00ed\u00e7a, Vila Suzana e Luiza Corr\u00eaa<br>Ter\u00e7as e quintas-feiras \u2013 tarde.<br><strong>Setor 4<\/strong><br>Bairros: Celulose, Vila Boeira, Serrano e Centro<br>Ter\u00e7as e quintas-feiras \u2013 manh\u00e3.<br><strong>Setor 5<\/strong><br>Bairros: Rancho Jane, Saiqui, Jardim das Fontes, S\u00e3o Rafael e Distrito Industrial<br>Quartas e sextas-feiras \u2013 manh\u00e3.<br><strong>Setor 6<\/strong><br>Bairros: Ca\u00e7ador, Ulisses de Abreu, S\u00e3o Luiz, Bom Jesus e Canelinha<br>Quartas e sextas-feiras \u2013 tarde.<br><strong>Setor 7<\/strong><br>Bairros: Alpes Verdes, Quinta da Serra, Palace Hotel, Santa Terezinha, Maggi e Leodoro de Azevedo<br>Quartas e sextas-feiras \u2013 manh\u00e3.<br><strong>Setor 8<\/strong><br>Coleta extra \u2013 Centro (Rua Jo\u00e3o Pessoa, Rua Batista Luzardo, Rua Martinho Lutero, Av. J\u00falio de Castilhos, Rua Prefeito Jo\u00e3o Alfredo, Rua Danton Corr\u00eaa da Silva, Av. Osvaldo Aranha, Rua Serafim Dias, Rua Baden Powell, Rua Melvin Jones, Rua Felisberto Soares, Rua Dona Carlinda, Rua Borges de Medeiros, Pra\u00e7a da Matriz, Rua Coronel Diniz, Rua Visconde de Mau\u00e1, Rua Ign\u00e1cio Saturnino de Moraes, Av. do Lago, Rua Padre Cacique, Rua Pedro Oscar Sellbach, Rua Tio Elias, Rua Augusto Pestana e Avenida Jos\u00e9 Luiz Correa Pinto).<br>S\u00e1bado \u2013 manh\u00e3.<\/p>\n\n\n\n<p><strong>COLETA DE RES\u00cdDUOS S\u00d3LIDOS RECICL\u00c1VEIS \u2013 ZONA RURAL<\/strong><br><strong>Rural 1<\/strong><br>Localidades: Esteinho, Limeira, Banhado Grande, Tubiana e Ca\u00e7ador<br>1\u00ba s\u00e1bado do m\u00eas.<br><strong>Rural 2<\/strong><br>Localidades: Morro Cal\u00e7ado, Linha S\u00e3o Paulo, Monjolo, Bugres, Rancho Grande e Canastra<br>2\u00ba s\u00e1bado do m\u00eas.<br><strong>Rural 3<\/strong><br>Localidades: Linha S\u00e3o Jo\u00e3o, Amoreiras, Chapad\u00e3o, Morro Alegre, Quilombo e Passo do Louro<br>\u00daltimo s\u00e1bado do m\u00eas.<\/p>\n\n\n\n<p>Texto: Vanessa Oz\u00f3rio\/Prefeitura de Canela<\/p>\n\n\n\n<p>Foto: Izaque Santos\/Prefeitura de Canela<\/p>\n\n\n\n<p><\/p>\n","protected":false},"excerpt":{"rendered":"<p>A Prefeitura de Canela informa que a Central de Triagem de Res\u00edduos do munic\u00edpio est\u00e1 atendendo em novo endere\u00e7o, localizado no Distrito Industrial. O espa\u00e7o vem passando por melhorias e adequa\u00e7\u00f5es, com o objetivo de qualificar ainda mais os servi\u00e7os de reciclagem e organiza\u00e7\u00e3o dos materiais coletados.Atualmente, cerca de 30 fam\u00edlias t\u00eam na atividade de [&hellip;]<\/p>\n","protected":false},"author":3,"featured_media":14475,"comment_status":"open","ping_status":"open","sticky":false,"template":"","format":"standard","meta":{"footnotes":""},"categories":[48],"tags":[],"class_list":["post-14474","post","type-post","status-publish","format-standard","has-post-thumbnail","hentry","category-post_meio-ambiente"],"_links":{"self":[{"href":"https:\/\/canela.rs.gov.br\/sitenovo\/wp-json\/wp\/v2\/posts\/14474","targetHints":{"allow":["GET"]}}],"collection":[{"href":"https:\/\/canela.rs.gov.br\/sitenovo\/wp-json\/wp\/v2\/posts"}],"about":[{"href":"https:\/\/canela.rs.gov.br\/sitenovo\/wp-json\/wp\/v2\/types\/post"}],"author":[{"embeddable":true,"href":"https:\/\/canela.rs.gov.br\/sitenovo\/wp-json\/wp\/v2\/users\/3"}],"replies":[{"embeddable":true,"href":"https:\/\/canela.rs.gov.br\/sitenovo\/wp-json\/wp\/v2\/comments?post=14474"}],"version-history":[{"count":1,"href":"https:\/\/canela.rs.gov.br\/sitenovo\/wp-json\/wp\/v2\/posts\/14474\/revisions"}],"predecessor-version":[{"id":14476,"href":"https:\/\/canela.rs.gov.br\/sitenovo\/wp-json\/wp\/v2\/posts\/14474\/revisions\/14476"}],"wp:featuredmedia":[{"embeddable":true,"href":"https:\/\/canela.rs.gov.br\/sitenovo\/wp-json\/wp\/v2\/media\/14475"}],"wp:attachment":[{"href":"https:\/\/canela.rs.gov.br\/sitenovo\/wp-json\/wp\/v2\/media?parent=14474"}],"wp:term":[{"taxonomy":"category","embeddable":true,"href":"https:\/\/canela.rs.gov.br\/sitenovo\/wp-json\/wp\/v2\/categories?post=14474"},{"taxonomy":"post_tag","embeddable":true,"href":"https:\/\/canela.rs.gov.br\/sitenovo\/wp-json\/wp\/v2\/tags?post=14474"}],"curies":[{"name":"wp","href":"https:\/\/api.w.org\/{rel}","templated":true}]}}