{"id":14466,"date":"2026-04-23T14:41:24","date_gmt":"2026-04-23T17:41:24","guid":{"rendered":"https:\/\/canela.rs.gov.br\/sitenovo\/?p=14466"},"modified":"2026-04-23T14:41:25","modified_gmt":"2026-04-23T17:41:25","slug":"rodada-decisiva-das-oitavas-de-final-do-futsal-serie-bronze-acontece-nesta-quinta-feira","status":"publish","type":"post","link":"https:\/\/canela.rs.gov.br\/sitenovo\/rodada-decisiva-das-oitavas-de-final-do-futsal-serie-bronze-acontece-nesta-quinta-feira\/","title":{"rendered":"Rodada decisiva das oitavas de final do Futsal S\u00e9rie Bronze acontece nesta quinta-feira"},"content":{"rendered":"\n<p>A segunda rodada das oitavas de final do Campeonato Municipal de Futsal S\u00e9rie Bronze ser\u00e1 realizada nesta quinta-feira, dia 23, a partir das 19h, no Gin\u00e1sio Carlinhos da Vila.<\/p>\n\n\n\n<p>A competi\u00e7\u00e3o, que teve in\u00edcio no m\u00eas de mar\u00e7o e contou com a participa\u00e7\u00e3o de 40 equipes, se aproxima de sua fase decisiva, reunindo grande p\u00fablico e promovendo o esporte local.<\/p>\n\n\n\n<p>Na primeira rodada das oitavas, disputada nesta quarta-feira, dia 22, os resultados foram os seguintes: Oito e Meia 1 x 0 V\u00f3 Eli\/Suprema; Gal\u00e1ticos Club 5 x 5 Projeto 25; Mercen\u00e1rios 1 x 1 Galera da Estev\u00e3o \u2013 Amigos do Mael; e MB Sports B 3 x 0 Estrangeiros.<\/p>\n\n\n\n<p>Nesta quinta-feira, entram em quadra as equipes Uni\u00e3o Rancho Grande x Ice Club, Del Trago Futsal x Atl\u00e9tico Canelense, Vista Alegre x Canela Autom\u00f3veis e Garfo &amp; Bombacha x Kamale\u00f3n, em confrontos que prometem fortes emo\u00e7\u00f5es.<\/p>\n\n\n\n<p>O Campeonato Municipal de Futsal S\u00e9rie Bronze \u00e9 promovido pela Prefeitura de Canela, por meio do Departamento Municipal de Esporte e Lazer (DMEL).<\/p>\n\n\n\n<p>Mais informa\u00e7\u00f5es sobre a competi\u00e7\u00e3o, incluindo tabela e resultados, est\u00e3o dispon\u00edveis no site&nbsp;<a href=\"https:\/\/www.copafacil.com\/2026bronzecanela\" target=\"_blank\" rel=\"noreferrer noopener\">oficial&nbsp;<\/a>do campeonato.<\/p>\n","protected":false},"excerpt":{"rendered":"<p>A segunda rodada das oitavas de final do Campeonato Municipal de Futsal S\u00e9rie Bronze ser\u00e1 realizada nesta quinta-feira, dia 23, a partir das 19h, no Gin\u00e1sio Carlinhos da Vila. A competi\u00e7\u00e3o, que teve in\u00edcio no m\u00eas de mar\u00e7o e contou com a participa\u00e7\u00e3o de 40 equipes, se aproxima de sua fase decisiva, reunindo grande p\u00fablico [&hellip;]<\/p>\n","protected":false},"author":3,"featured_media":14467,"comment_status":"open","ping_status":"open","sticky":false,"template":"","format":"standard","meta":{"footnotes":""},"categories":[46],"tags":[],"class_list":["post-14466","post","type-post","status-publish","format-standard","has-post-thumbnail","hentry","category-post_esporte"],"_links":{"self":[{"href":"https:\/\/canela.rs.gov.br\/sitenovo\/wp-json\/wp\/v2\/posts\/14466","targetHints":{"allow":["GET"]}}],"collection":[{"href":"https:\/\/canela.rs.gov.br\/sitenovo\/wp-json\/wp\/v2\/posts"}],"about":[{"href":"https:\/\/canela.rs.gov.br\/sitenovo\/wp-json\/wp\/v2\/types\/post"}],"author":[{"embeddable":true,"href":"https:\/\/canela.rs.gov.br\/sitenovo\/wp-json\/wp\/v2\/users\/3"}],"replies":[{"embeddable":true,"href":"https:\/\/canela.rs.gov.br\/sitenovo\/wp-json\/wp\/v2\/comments?post=14466"}],"version-history":[{"count":1,"href":"https:\/\/canela.rs.gov.br\/sitenovo\/wp-json\/wp\/v2\/posts\/14466\/revisions"}],"predecessor-version":[{"id":14468,"href":"https:\/\/canela.rs.gov.br\/sitenovo\/wp-json\/wp\/v2\/posts\/14466\/revisions\/14468"}],"wp:featuredmedia":[{"embeddable":true,"href":"https:\/\/canela.rs.gov.br\/sitenovo\/wp-json\/wp\/v2\/media\/14467"}],"wp:attachment":[{"href":"https:\/\/canela.rs.gov.br\/sitenovo\/wp-json\/wp\/v2\/media?parent=14466"}],"wp:term":[{"taxonomy":"category","embeddable":true,"href":"https:\/\/canela.rs.gov.br\/sitenovo\/wp-json\/wp\/v2\/categories?post=14466"},{"taxonomy":"post_tag","embeddable":true,"href":"https:\/\/canela.rs.gov.br\/sitenovo\/wp-json\/wp\/v2\/tags?post=14466"}],"curies":[{"name":"wp","href":"https:\/\/api.w.org\/{rel}","templated":true}]}}