{"id":13616,"date":"2026-03-18T15:11:47","date_gmt":"2026-03-18T18:11:47","guid":{"rendered":"https:\/\/canela.rs.gov.br\/sitenovo\/?p=13616"},"modified":"2026-03-18T15:11:48","modified_gmt":"2026-03-18T18:11:48","slug":"escola-dante-bertoluci-de-canela-promove-programacao-especial-em-homenagem-ao-mes-da-mulher","status":"publish","type":"post","link":"https:\/\/canela.rs.gov.br\/sitenovo\/escola-dante-bertoluci-de-canela-promove-programacao-especial-em-homenagem-ao-mes-da-mulher\/","title":{"rendered":"Escola Dante Bertoluci de Canela promove programa\u00e7\u00e3o especial em homenagem ao M\u00eas da Mulher"},"content":{"rendered":"\n<p>Em alus\u00e3o ao M\u00eas da Mulher, a Escola Municipal de Ensino Fundamental Dante Bertoluci, do bairro S\u00e3o Luiz, promove uma programa\u00e7\u00e3o especial voltada \u00e0 valoriza\u00e7\u00e3o feminina e ao compartilhamento de experi\u00eancias inspiradoras durante todo o mar\u00e7o. A iniciativa contempla uma s\u00e9rie de palestras com mulheres empreendedoras e profissionais do munic\u00edpio de Canela.<\/p>\n\n\n\n<p>Na tarde desta segunda-feira, dia 17, a fonoaudi\u00f3loga Priscilla Toledo conduziu uma conversa com os alunos sobre o Dia Mundial da S\u00edndrome de Down, celebrado no pr\u00f3ximo s\u00e1bado, 21 de mar\u00e7o. Na oportunidade, tamb\u00e9m foi destacada a Lei Municipal n\u00ba 4.423\/2020, que instituiu em \u00e2mbito municipal a Semana de Conscientiza\u00e7\u00e3o da S\u00edndrome de Down em Canela.<\/p>\n\n\n\n<p>A atividade contou ainda com a participa\u00e7\u00e3o de Henrique Viezzer, que possui S\u00edndrome de Down, e compartilhou com os estudantes um pouco de sua trajet\u00f3ria de vida, proporcionando um momento de reflex\u00e3o e aprendizado.<\/p>\n\n\n\n<p>A programa\u00e7\u00e3o segue ao longo de todo o m\u00eas, envolvendo a comunidade escolar. Nesta sexta-feira, dia 20, ser\u00e1 realizada a palestra \u201cSa\u00fade da Mulher\u201d, ministrada pela profissional de Educa\u00e7\u00e3o F\u00edsica, &nbsp;Michele Ries.<\/p>\n","protected":false},"excerpt":{"rendered":"<p>Em alus\u00e3o ao M\u00eas da Mulher, a Escola Municipal de Ensino Fundamental Dante Bertoluci, do bairro S\u00e3o Luiz, promove uma programa\u00e7\u00e3o especial voltada \u00e0 valoriza\u00e7\u00e3o feminina e ao compartilhamento de experi\u00eancias inspiradoras durante todo o mar\u00e7o. A iniciativa contempla uma s\u00e9rie de palestras com mulheres empreendedoras e profissionais do munic\u00edpio de Canela. Na tarde desta [&hellip;]<\/p>\n","protected":false},"author":3,"featured_media":13619,"comment_status":"open","ping_status":"open","sticky":false,"template":"","format":"standard","meta":{"footnotes":""},"categories":[45],"tags":[],"class_list":["post-13616","post","type-post","status-publish","format-standard","has-post-thumbnail","hentry","category-post_educacao"],"_links":{"self":[{"href":"https:\/\/canela.rs.gov.br\/sitenovo\/wp-json\/wp\/v2\/posts\/13616","targetHints":{"allow":["GET"]}}],"collection":[{"href":"https:\/\/canela.rs.gov.br\/sitenovo\/wp-json\/wp\/v2\/posts"}],"about":[{"href":"https:\/\/canela.rs.gov.br\/sitenovo\/wp-json\/wp\/v2\/types\/post"}],"author":[{"embeddable":true,"href":"https:\/\/canela.rs.gov.br\/sitenovo\/wp-json\/wp\/v2\/users\/3"}],"replies":[{"embeddable":true,"href":"https:\/\/canela.rs.gov.br\/sitenovo\/wp-json\/wp\/v2\/comments?post=13616"}],"version-history":[{"count":1,"href":"https:\/\/canela.rs.gov.br\/sitenovo\/wp-json\/wp\/v2\/posts\/13616\/revisions"}],"predecessor-version":[{"id":13620,"href":"https:\/\/canela.rs.gov.br\/sitenovo\/wp-json\/wp\/v2\/posts\/13616\/revisions\/13620"}],"wp:featuredmedia":[{"embeddable":true,"href":"https:\/\/canela.rs.gov.br\/sitenovo\/wp-json\/wp\/v2\/media\/13619"}],"wp:attachment":[{"href":"https:\/\/canela.rs.gov.br\/sitenovo\/wp-json\/wp\/v2\/media?parent=13616"}],"wp:term":[{"taxonomy":"category","embeddable":true,"href":"https:\/\/canela.rs.gov.br\/sitenovo\/wp-json\/wp\/v2\/categories?post=13616"},{"taxonomy":"post_tag","embeddable":true,"href":"https:\/\/canela.rs.gov.br\/sitenovo\/wp-json\/wp\/v2\/tags?post=13616"}],"curies":[{"name":"wp","href":"https:\/\/api.w.org\/{rel}","templated":true}]}}