{"id":13507,"date":"2026-03-11T08:30:38","date_gmt":"2026-03-11T11:30:38","guid":{"rendered":"https:\/\/canela.rs.gov.br\/sitenovo\/?p=13507"},"modified":"2026-03-12T09:45:59","modified_gmt":"2026-03-12T12:45:59","slug":"drops-saude-programa-da-prefeitura-de-canela-promovera-palestras-educativas-ao-longo-do-ano","status":"publish","type":"post","link":"https:\/\/canela.rs.gov.br\/sitenovo\/drops-saude-programa-da-prefeitura-de-canela-promovera-palestras-educativas-ao-longo-do-ano\/","title":{"rendered":"Drops Sa\u00fade: Programa da Prefeitura de Canela promover\u00e1 palestras educativas ao longo do ano"},"content":{"rendered":"\n<p>A Prefeitura de Canela, por meio da Secretaria Municipal de Sa\u00fade, em parceria com o Sicredi, promover\u00e1 o programa educativo \u201cDrops Sa\u00fade\u201d. A iniciativa contar\u00e1 com palestras educativas a partir deste m\u00eas, sempre nas \u00faltimas quintas-feiras, das 14h30 \u00e0s 15h30, no Espa\u00e7o Sicredi da rua Jo\u00e3o Pessoa, gratuitas e abertas ao p\u00fablico.<\/p>\n\n\n\n<p>Conforme o profissional de Educa\u00e7\u00e3o F\u00edsica e coordenador do programa, Alexandre Lazarotto, o objetivo \u00e9 promover a educa\u00e7\u00e3o em sa\u00fade por meio de informa\u00e7\u00f5es objetivas sobre temas atuais da \u00e1rea. Ele destaca ainda que a din\u00e2mica dos encontros contar\u00e1 com uma breve apresenta\u00e7\u00e3o do palestrante, seguida de um momento interativo para esclarecimento de d\u00favidas do p\u00fablico.<\/p>\n\n\n\n<p><strong>Confira a programa\u00e7\u00e3o:<\/strong><\/p>\n\n\n\n<p>26\/03 \u2013 Tema: \u201cUso correto de medicamentos\u201d \u2013 Farmac\u00eautico Braian Boff<\/p>\n\n\n\n<p>23\/04 \u2013 Tema: \u201cAnsiedade e sa\u00fade mental\u201d \u2013 Psic\u00f3logo Maur\u00edcio Minuzzi Duarte<\/p>\n\n\n\n<p>28\/05 \u2013 Tema: \u201cAlimenta\u00e7\u00e3o saud\u00e1vel\u201d \u2013 Nutricionista Luciane Oppitz Martins<\/p>\n\n\n\n<p>25\/06 \u2013 Tema: \u201cSa\u00fade bucal\u201d \u2013 Dentista Luciana Jacoby de Lamare<\/p>\n\n\n\n<p>27\/08 \u2013 Tema: \u201cGolpes e fraudes digitais\u201d \u2013 &nbsp;Graziela Peres Queiroz Hencke &#8211; Assessora de Longevidade da Sicredi Pioneira<\/p>\n","protected":false},"excerpt":{"rendered":"<p>A Prefeitura de Canela, por meio da Secretaria Municipal de Sa\u00fade, em parceria com o Sicredi, promover\u00e1 o programa educativo \u201cDrops Sa\u00fade\u201d. A iniciativa contar\u00e1 com palestras educativas a partir deste m\u00eas, sempre nas \u00faltimas quintas-feiras, das 14h30 \u00e0s 15h30, no Espa\u00e7o Sicredi da rua Jo\u00e3o Pessoa, gratuitas e abertas ao p\u00fablico. Conforme o profissional [&hellip;]<\/p>\n","protected":false},"author":3,"featured_media":13508,"comment_status":"open","ping_status":"open","sticky":false,"template":"","format":"standard","meta":{"footnotes":""},"categories":[144],"tags":[],"class_list":["post-13507","post","type-post","status-publish","format-standard","has-post-thumbnail","hentry","category-saude"],"_links":{"self":[{"href":"https:\/\/canela.rs.gov.br\/sitenovo\/wp-json\/wp\/v2\/posts\/13507","targetHints":{"allow":["GET"]}}],"collection":[{"href":"https:\/\/canela.rs.gov.br\/sitenovo\/wp-json\/wp\/v2\/posts"}],"about":[{"href":"https:\/\/canela.rs.gov.br\/sitenovo\/wp-json\/wp\/v2\/types\/post"}],"author":[{"embeddable":true,"href":"https:\/\/canela.rs.gov.br\/sitenovo\/wp-json\/wp\/v2\/users\/3"}],"replies":[{"embeddable":true,"href":"https:\/\/canela.rs.gov.br\/sitenovo\/wp-json\/wp\/v2\/comments?post=13507"}],"version-history":[{"count":4,"href":"https:\/\/canela.rs.gov.br\/sitenovo\/wp-json\/wp\/v2\/posts\/13507\/revisions"}],"predecessor-version":[{"id":13527,"href":"https:\/\/canela.rs.gov.br\/sitenovo\/wp-json\/wp\/v2\/posts\/13507\/revisions\/13527"}],"wp:featuredmedia":[{"embeddable":true,"href":"https:\/\/canela.rs.gov.br\/sitenovo\/wp-json\/wp\/v2\/media\/13508"}],"wp:attachment":[{"href":"https:\/\/canela.rs.gov.br\/sitenovo\/wp-json\/wp\/v2\/media?parent=13507"}],"wp:term":[{"taxonomy":"category","embeddable":true,"href":"https:\/\/canela.rs.gov.br\/sitenovo\/wp-json\/wp\/v2\/categories?post=13507"},{"taxonomy":"post_tag","embeddable":true,"href":"https:\/\/canela.rs.gov.br\/sitenovo\/wp-json\/wp\/v2\/tags?post=13507"}],"curies":[{"name":"wp","href":"https:\/\/api.w.org\/{rel}","templated":true}]}}