{"id":13472,"date":"2026-03-06T19:38:32","date_gmt":"2026-03-06T22:38:32","guid":{"rendered":"https:\/\/canela.rs.gov.br\/sitenovo\/?p=13472"},"modified":"2026-03-06T19:38:35","modified_gmt":"2026-03-06T22:38:35","slug":"confira-os-horarios-de-funcionamento-das-unidades-basicas-de-saude-de-canela","status":"publish","type":"post","link":"https:\/\/canela.rs.gov.br\/sitenovo\/confira-os-horarios-de-funcionamento-das-unidades-basicas-de-saude-de-canela\/","title":{"rendered":"Confira os hor\u00e1rios de funcionamento das Unidades B\u00e1sicas de Sa\u00fade de Canela"},"content":{"rendered":"\n<p>A Prefeitura de Canela, por meio da Secretaria Municipal de Sa\u00fade, informa os hor\u00e1rios de funcionamento e de atendimento das Unidades B\u00e1sicas de Sa\u00fade (UBSs) do munic\u00edpio, incluindo as Salas de Vacinas, aplica\u00e7\u00e3o de medicamentos e curativos, detalhando os intervalos que s\u00e3o necess\u00e1rios para a organiza\u00e7\u00e3o dos atendimentos, higieniza\u00e7\u00e3o das salas e preparo adequado dos materiais, garantindo qualidade e seguran\u00e7a para usu\u00e1rios e profissionais. Cada UBS possui um dia espec\u00edfico com hor\u00e1rio diferenciado para reuni\u00e3o interna das equipes, destinada \u00e0 organiza\u00e7\u00e3o e ao alinhamento dos processos de trabalho.<\/p>\n\n\n\n<p>CONFIRA ABAIXO:<\/p>\n\n\n\n<p><strong>Atendimento (UBSs)<\/strong><\/p>\n\n\n\n<p><strong>Funcionamento das Unidades de Sa\u00fade<\/strong><br>&nbsp;Das 7h30 \u00e0s 11h30<br>&nbsp;Das 13h \u00e0s 17h<\/p>\n\n\n\n<p><strong>Hor\u00e1rio dos Servi\u00e7os<\/strong><\/p>\n\n\n\n<p><strong>Vacinas e aplica\u00e7\u00e3o de medicamentos<\/strong><br>&nbsp;Das 7h45 \u00e0s 11h<br>&nbsp;Das 13h \u00e0s 16h30<\/p>\n\n\n\n<p><strong>Curativos nas Unidades de Sa\u00fade<\/strong><br>&nbsp;Das 9h \u00e0s 11h<br>&nbsp;Das 14h30 \u00e0s 16h30<\/p>\n\n\n\n<p><strong>CRAIP ( Centro Regionalizado de Aten\u00e7\u00e3o Integral e Preven\u00e7\u00e3o \u00e0s ISTs, HIV\/Aids e Coinfec\u00e7\u00f5es)<\/strong><\/p>\n\n\n\n<p><strong>Funcionamento<\/strong><br>Segunda a sexta das 7h30 \u00e0s 11h30 das 13h \u00e0s 17h<\/p>\n\n\n\n<p><strong>CAPS (Centro de Aten\u00e7\u00e3o Psicossocial)<\/strong><\/p>\n\n\n\n<p><strong>Funcionamento<\/strong><br>&nbsp;Segunda a sexta-feira, das 7h30 \u00e0s 17h30 sem fechar ao meio dia.<\/p>\n\n\n\n<p><strong>HOR\u00c1RIO DIFERENCIADO- REUNI\u00c3O DE EQUIPE<\/strong><\/p>\n\n\n\n<p>UBS Leodoro \u2013 Quintas-feiras, das 16h \u00e0s 17h (semanal)<br>UBS S\u00e3o Lu\u00eds \u2013 Sextas-feiras, das 16h \u00e0s 17h (semanal)<br>UBS Santa Marta \u2013 Quartas-feiras, das 16h \u00e0s 17h, a cada 15 dias (1\u00aa e 3\u00aa quarta-feira do m\u00eas)<br>UBS Canelinha \u2013 Sextas-feiras, das 16h \u00e0s 17h (1\u00aa e 3\u00aa do m\u00eas)<br>UBS Central \u2013 Quintas-feiras, das 16h \u00e0s 17h, a cada 15 dias (2\u00aa e 4\u00aa quinta-feira do m\u00eas)<br>CAPS: segundas-feiras, das 8h \u00e0s 12h<\/p>\n\n\n\n<p><\/p>\n\n\n\n<p><\/p>\n","protected":false},"excerpt":{"rendered":"<p>A Prefeitura de Canela, por meio da Secretaria Municipal de Sa\u00fade, informa os hor\u00e1rios de funcionamento e de atendimento das Unidades B\u00e1sicas de Sa\u00fade (UBSs) do munic\u00edpio, incluindo as Salas de Vacinas, aplica\u00e7\u00e3o de medicamentos e curativos, detalhando os intervalos que s\u00e3o necess\u00e1rios para a organiza\u00e7\u00e3o dos atendimentos, higieniza\u00e7\u00e3o das salas e preparo adequado dos [&hellip;]<\/p>\n","protected":false},"author":3,"featured_media":13473,"comment_status":"open","ping_status":"open","sticky":false,"template":"","format":"standard","meta":{"footnotes":""},"categories":[144],"tags":[],"class_list":["post-13472","post","type-post","status-publish","format-standard","has-post-thumbnail","hentry","category-saude"],"_links":{"self":[{"href":"https:\/\/canela.rs.gov.br\/sitenovo\/wp-json\/wp\/v2\/posts\/13472","targetHints":{"allow":["GET"]}}],"collection":[{"href":"https:\/\/canela.rs.gov.br\/sitenovo\/wp-json\/wp\/v2\/posts"}],"about":[{"href":"https:\/\/canela.rs.gov.br\/sitenovo\/wp-json\/wp\/v2\/types\/post"}],"author":[{"embeddable":true,"href":"https:\/\/canela.rs.gov.br\/sitenovo\/wp-json\/wp\/v2\/users\/3"}],"replies":[{"embeddable":true,"href":"https:\/\/canela.rs.gov.br\/sitenovo\/wp-json\/wp\/v2\/comments?post=13472"}],"version-history":[{"count":1,"href":"https:\/\/canela.rs.gov.br\/sitenovo\/wp-json\/wp\/v2\/posts\/13472\/revisions"}],"predecessor-version":[{"id":13474,"href":"https:\/\/canela.rs.gov.br\/sitenovo\/wp-json\/wp\/v2\/posts\/13472\/revisions\/13474"}],"wp:featuredmedia":[{"embeddable":true,"href":"https:\/\/canela.rs.gov.br\/sitenovo\/wp-json\/wp\/v2\/media\/13473"}],"wp:attachment":[{"href":"https:\/\/canela.rs.gov.br\/sitenovo\/wp-json\/wp\/v2\/media?parent=13472"}],"wp:term":[{"taxonomy":"category","embeddable":true,"href":"https:\/\/canela.rs.gov.br\/sitenovo\/wp-json\/wp\/v2\/categories?post=13472"},{"taxonomy":"post_tag","embeddable":true,"href":"https:\/\/canela.rs.gov.br\/sitenovo\/wp-json\/wp\/v2\/tags?post=13472"}],"curies":[{"name":"wp","href":"https:\/\/api.w.org\/{rel}","templated":true}]}}