{"id":13440,"date":"2026-03-04T16:17:44","date_gmt":"2026-03-04T19:17:44","guid":{"rendered":"https:\/\/canela.rs.gov.br\/sitenovo\/?p=13440"},"modified":"2026-03-04T16:17:46","modified_gmt":"2026-03-04T19:17:46","slug":"ubss-central-canelinha-e-santa-marta-estarao-abertas-neste-sabado","status":"publish","type":"post","link":"https:\/\/canela.rs.gov.br\/sitenovo\/ubss-central-canelinha-e-santa-marta-estarao-abertas-neste-sabado\/","title":{"rendered":"UBSs Central, Canelinha e Santa Marta estar\u00e3o abertas neste s\u00e1bado"},"content":{"rendered":"\n<p>As Unidades B\u00e1sicas de Sa\u00fade (UBSs) dos bairros Central, Canelinha e Santa Marta estar\u00e3o abertas para atendimento \u00e0 popula\u00e7\u00e3o neste s\u00e1bado, dia 7, das 7h \u00e0s 13h.<\/p>\n\n\n\n<p>De acordo com a Secretaria de Sa\u00fade, o funcionamento em car\u00e1ter excepcional ocorre para que os servidores realizem a compensa\u00e7\u00e3o referente ao feriado de Carnaval.<\/p>\n\n\n\n<p>O atendimento ser\u00e1 organizado da seguinte forma: nas UBSs Central e Santa Marta haver\u00e1 atendimento de enfermagem, m\u00e9dico e odontol\u00f3gico. J\u00e1 na UBS Canelinha ser\u00e3o disponibilizados atendimentos m\u00e9dico e de enfermagem.<\/p>\n\n\n\n<p>A Secretaria orienta que as consultas sejam agendadas previamente ao longo da semana, garantindo a vaga e melhor organiza\u00e7\u00e3o do fluxo de atendimento.<\/p>\n","protected":false},"excerpt":{"rendered":"<p>As Unidades B\u00e1sicas de Sa\u00fade (UBSs) dos bairros Central, Canelinha e Santa Marta estar\u00e3o abertas para atendimento \u00e0 popula\u00e7\u00e3o neste s\u00e1bado, dia 7, das 7h \u00e0s 13h. De acordo com a Secretaria de Sa\u00fade, o funcionamento em car\u00e1ter excepcional ocorre para que os servidores realizem a compensa\u00e7\u00e3o referente ao feriado de Carnaval. O atendimento ser\u00e1 [&hellip;]<\/p>\n","protected":false},"author":3,"featured_media":13441,"comment_status":"open","ping_status":"open","sticky":false,"template":"","format":"standard","meta":{"footnotes":""},"categories":[144],"tags":[],"class_list":["post-13440","post","type-post","status-publish","format-standard","has-post-thumbnail","hentry","category-saude"],"_links":{"self":[{"href":"https:\/\/canela.rs.gov.br\/sitenovo\/wp-json\/wp\/v2\/posts\/13440","targetHints":{"allow":["GET"]}}],"collection":[{"href":"https:\/\/canela.rs.gov.br\/sitenovo\/wp-json\/wp\/v2\/posts"}],"about":[{"href":"https:\/\/canela.rs.gov.br\/sitenovo\/wp-json\/wp\/v2\/types\/post"}],"author":[{"embeddable":true,"href":"https:\/\/canela.rs.gov.br\/sitenovo\/wp-json\/wp\/v2\/users\/3"}],"replies":[{"embeddable":true,"href":"https:\/\/canela.rs.gov.br\/sitenovo\/wp-json\/wp\/v2\/comments?post=13440"}],"version-history":[{"count":1,"href":"https:\/\/canela.rs.gov.br\/sitenovo\/wp-json\/wp\/v2\/posts\/13440\/revisions"}],"predecessor-version":[{"id":13442,"href":"https:\/\/canela.rs.gov.br\/sitenovo\/wp-json\/wp\/v2\/posts\/13440\/revisions\/13442"}],"wp:featuredmedia":[{"embeddable":true,"href":"https:\/\/canela.rs.gov.br\/sitenovo\/wp-json\/wp\/v2\/media\/13441"}],"wp:attachment":[{"href":"https:\/\/canela.rs.gov.br\/sitenovo\/wp-json\/wp\/v2\/media?parent=13440"}],"wp:term":[{"taxonomy":"category","embeddable":true,"href":"https:\/\/canela.rs.gov.br\/sitenovo\/wp-json\/wp\/v2\/categories?post=13440"},{"taxonomy":"post_tag","embeddable":true,"href":"https:\/\/canela.rs.gov.br\/sitenovo\/wp-json\/wp\/v2\/tags?post=13440"}],"curies":[{"name":"wp","href":"https:\/\/api.w.org\/{rel}","templated":true}]}}