{"id":13386,"date":"2026-03-02T15:33:33","date_gmt":"2026-03-02T18:33:33","guid":{"rendered":"https:\/\/canela.rs.gov.br\/sitenovo\/?p=13386"},"modified":"2026-03-02T15:33:34","modified_gmt":"2026-03-02T18:33:34","slug":"academia-municipal-promove-acao-especial-em-homenagem-ao-dia-da-mulher","status":"publish","type":"post","link":"https:\/\/canela.rs.gov.br\/sitenovo\/academia-municipal-promove-acao-especial-em-homenagem-ao-dia-da-mulher\/","title":{"rendered":"Academia Municipal promove a\u00e7\u00e3o especial em homenagem ao Dia da Mulher"},"content":{"rendered":"\n<p>Em alus\u00e3o ao Dia Internacional da Mulher, celebrado em 8 de mar\u00e7o, a Academia Municipal, vinculada \u00e0 Secretaria de Sa\u00fade de Canela, promover\u00e1 uma a\u00e7\u00e3o especial dedicada ao p\u00fablico feminino no dia 9 de mar\u00e7o.<\/p>\n\n\n\n<p>Conforme a equipe da Academia, composta pela coordenadora Carolina de Souza Pinto e pelo professor Alexandre Lazzarotto, ao longo do dia as usu\u00e1rias poder\u00e3o participar de uma programa\u00e7\u00e3o diferenciada, que inclui caf\u00e9 especial e uma s\u00e9rie de cuidados de beleza, como corte de cabelo, escova, massagem e manicure, entre outros servi\u00e7os. As atividades ser\u00e3o realizadas por profissionais volunt\u00e1rios, proporcionando um momento de valoriza\u00e7\u00e3o, bem-estar e integra\u00e7\u00e3o.<\/p>\n\n\n\n<p>A iniciativa tem como objetivo reconhecer a import\u00e2ncia das mulheres, incentivando o autocuidado e fortalecendo os v\u00ednculos entre as participantes e a equipe da unidade.<\/p>\n\n\n\n<p><strong>Funcionamento<\/strong><\/p>\n\n\n\n<p>A Academia Municipal atende de segunda a quinta-feira, das 8h \u00e0s 11h30 e das 13h30 \u00e0s 18h; e nas sextas-feiras, das 8h \u00e0s 12h e das 13h \u00e0s 17h.<\/p>\n\n\n\n<p>A unidade est\u00e1 localizada na Rua Leopoldo Prux, n\u00ba 14. Mais informa\u00e7\u00f5es podem ser obtidas pelo telefone (54) 3282-5108 ou pelo WhatsApp (54) 99125-8462.<\/p>\n\n\n\n<p><\/p>\n","protected":false},"excerpt":{"rendered":"<p>Em alus\u00e3o ao Dia Internacional da Mulher, celebrado em 8 de mar\u00e7o, a Academia Municipal, vinculada \u00e0 Secretaria de Sa\u00fade de Canela, promover\u00e1 uma a\u00e7\u00e3o especial dedicada ao p\u00fablico feminino no dia 9 de mar\u00e7o. Conforme a equipe da Academia, composta pela coordenadora Carolina de Souza Pinto e pelo professor Alexandre Lazzarotto, ao longo do [&hellip;]<\/p>\n","protected":false},"author":3,"featured_media":13387,"comment_status":"open","ping_status":"open","sticky":false,"template":"","format":"standard","meta":{"footnotes":""},"categories":[144],"tags":[],"class_list":["post-13386","post","type-post","status-publish","format-standard","has-post-thumbnail","hentry","category-saude"],"_links":{"self":[{"href":"https:\/\/canela.rs.gov.br\/sitenovo\/wp-json\/wp\/v2\/posts\/13386","targetHints":{"allow":["GET"]}}],"collection":[{"href":"https:\/\/canela.rs.gov.br\/sitenovo\/wp-json\/wp\/v2\/posts"}],"about":[{"href":"https:\/\/canela.rs.gov.br\/sitenovo\/wp-json\/wp\/v2\/types\/post"}],"author":[{"embeddable":true,"href":"https:\/\/canela.rs.gov.br\/sitenovo\/wp-json\/wp\/v2\/users\/3"}],"replies":[{"embeddable":true,"href":"https:\/\/canela.rs.gov.br\/sitenovo\/wp-json\/wp\/v2\/comments?post=13386"}],"version-history":[{"count":1,"href":"https:\/\/canela.rs.gov.br\/sitenovo\/wp-json\/wp\/v2\/posts\/13386\/revisions"}],"predecessor-version":[{"id":13388,"href":"https:\/\/canela.rs.gov.br\/sitenovo\/wp-json\/wp\/v2\/posts\/13386\/revisions\/13388"}],"wp:featuredmedia":[{"embeddable":true,"href":"https:\/\/canela.rs.gov.br\/sitenovo\/wp-json\/wp\/v2\/media\/13387"}],"wp:attachment":[{"href":"https:\/\/canela.rs.gov.br\/sitenovo\/wp-json\/wp\/v2\/media?parent=13386"}],"wp:term":[{"taxonomy":"category","embeddable":true,"href":"https:\/\/canela.rs.gov.br\/sitenovo\/wp-json\/wp\/v2\/categories?post=13386"},{"taxonomy":"post_tag","embeddable":true,"href":"https:\/\/canela.rs.gov.br\/sitenovo\/wp-json\/wp\/v2\/tags?post=13386"}],"curies":[{"name":"wp","href":"https:\/\/api.w.org\/{rel}","templated":true}]}}