{"id":12658,"date":"2026-02-13T15:15:05","date_gmt":"2026-02-13T18:15:05","guid":{"rendered":"https:\/\/canela.rs.gov.br\/sitenovo\/?p=12658"},"modified":"2026-02-13T15:15:07","modified_gmt":"2026-02-13T18:15:07","slug":"decreto-ajusta-horarios-de-unidades-de-saude-em-canela-sem-alterar-atendimento-a-populacao","status":"publish","type":"post","link":"https:\/\/canela.rs.gov.br\/sitenovo\/decreto-ajusta-horarios-de-unidades-de-saude-em-canela-sem-alterar-atendimento-a-populacao\/","title":{"rendered":"Decreto ajusta hor\u00e1rios de Unidades de Sa\u00fade em Canela sem alterar atendimento \u00e0 popula\u00e7\u00e3o"},"content":{"rendered":"\n<p>A Prefeitura de Canela publicou o Decreto n\u00ba 11.047, de 30 de janeiro de 2026, que reorganiza os hor\u00e1rios internos de trabalho da Secretaria Municipal de Sa\u00fade, da Farm\u00e1cia Municipal e das Unidades B\u00e1sicas de Sa\u00fade (UBS) do munic\u00edpio. A medida entra em vigor a partir da pr\u00f3xima quinta-feira, dia 19, e n\u00e3o altera o tempo de atendimento j\u00e1 oferecido \u00e0 popula\u00e7\u00e3o.<br>As Unidades de Sa\u00fade passam a atender a comunidade de segunda a sexta-feira, das 7h30 \u00e0s 11h30 e das 13h \u00e0s 17h, totalizando oito horas di\u00e1rias. Est\u00e3o inclu\u00eddas nesse ajuste as UBSs Central, UBS Canelinha, UBS Santa Marta, UBS Leodoro de Azevedo, UBS S\u00e3o Luiz e o Centro de Especialidades CRAIP\/Hort\u00eansias.<br>Atualmente, as unidades j\u00e1 funcionam das 7h ao meio-dia e das 13h \u00e0s 17h. Ou seja, para os usu\u00e1rios do SUS em Canela, o atendimento segue praticamente igual, sem redu\u00e7\u00e3o de hor\u00e1rios ou de servi\u00e7os. A mudan\u00e7a atende a uma recomenda\u00e7\u00e3o do Conselho Regional de Enfermagem (Coren), que desde 2018 vem notificando o Munic\u00edpio sobre a necessidade de garantir a presen\u00e7a de profissionais de enfermagem durante todo o per\u00edodo de funcionamento das unidades. As notifica\u00e7\u00f5es apontam a aus\u00eancia de enfermeiros em determinados hor\u00e1rios, o que n\u00e3o \u00e9 permitido pelas normas da categoria.<br>O ajuste considera ainda as cargas hor\u00e1rias dos profissionais da Sa\u00fade, que variam entre 20, 30 e 40 horas semanais, e a exig\u00eancia legal de que haja enfermagem presente em todo o per\u00edodo de atendimento. No caso dos m\u00e9dicos, h\u00e1 limite m\u00e1ximo de atendimentos por turno e carga semanal de at\u00e9 20 horas, o que tornava o modelo anterior incompat\u00edvel com as normas vigentes.<\/p>\n\n\n\n<p><strong>Caps mant\u00e9m funcionamento inalterado<br><\/strong>O Centro de Aten\u00e7\u00e3o Psicossocial (Caps) n\u00e3o se enquadra nos ajustes previstos no decreto. Por exig\u00eancia da portaria de habilita\u00e7\u00e3o do servi\u00e7o, o Caps deve manter funcionamento ininterrupto por 10 horas di\u00e1rias, das 7h30 \u00e0s 17h30, sem altera\u00e7\u00f5es.<br>O secret\u00e1rio da Sa\u00fade de Canela, Jean Spall, refor\u00e7a que o decreto trata de uma adequa\u00e7\u00e3o interna, necess\u00e1ria para atender \u00e0s exig\u00eancias legais. \u201cO atendimento por profissional n\u00e3o sofrer\u00e1 nenhuma mudan\u00e7a, pois cada categoria tem um quantitativo a ser atendido por turno. A medida assegura legalidade, mantendo a qualidade e a continuidade dos servi\u00e7os prestados \u00e0 popula\u00e7\u00e3o\u201d, atesta Spall.<\/p>\n","protected":false},"excerpt":{"rendered":"<p>A Prefeitura de Canela publicou o Decreto n\u00ba 11.047, de 30 de janeiro de 2026, que reorganiza os hor\u00e1rios internos de trabalho da Secretaria Municipal de Sa\u00fade, da Farm\u00e1cia Municipal e das Unidades B\u00e1sicas de Sa\u00fade (UBS) do munic\u00edpio. A medida entra em vigor a partir da pr\u00f3xima quinta-feira, dia 19, e n\u00e3o altera o [&hellip;]<\/p>\n","protected":false},"author":3,"featured_media":12659,"comment_status":"open","ping_status":"open","sticky":false,"template":"","format":"standard","meta":{"footnotes":""},"categories":[144],"tags":[],"class_list":["post-12658","post","type-post","status-publish","format-standard","has-post-thumbnail","hentry","category-saude"],"_links":{"self":[{"href":"https:\/\/canela.rs.gov.br\/sitenovo\/wp-json\/wp\/v2\/posts\/12658","targetHints":{"allow":["GET"]}}],"collection":[{"href":"https:\/\/canela.rs.gov.br\/sitenovo\/wp-json\/wp\/v2\/posts"}],"about":[{"href":"https:\/\/canela.rs.gov.br\/sitenovo\/wp-json\/wp\/v2\/types\/post"}],"author":[{"embeddable":true,"href":"https:\/\/canela.rs.gov.br\/sitenovo\/wp-json\/wp\/v2\/users\/3"}],"replies":[{"embeddable":true,"href":"https:\/\/canela.rs.gov.br\/sitenovo\/wp-json\/wp\/v2\/comments?post=12658"}],"version-history":[{"count":1,"href":"https:\/\/canela.rs.gov.br\/sitenovo\/wp-json\/wp\/v2\/posts\/12658\/revisions"}],"predecessor-version":[{"id":12660,"href":"https:\/\/canela.rs.gov.br\/sitenovo\/wp-json\/wp\/v2\/posts\/12658\/revisions\/12660"}],"wp:featuredmedia":[{"embeddable":true,"href":"https:\/\/canela.rs.gov.br\/sitenovo\/wp-json\/wp\/v2\/media\/12659"}],"wp:attachment":[{"href":"https:\/\/canela.rs.gov.br\/sitenovo\/wp-json\/wp\/v2\/media?parent=12658"}],"wp:term":[{"taxonomy":"category","embeddable":true,"href":"https:\/\/canela.rs.gov.br\/sitenovo\/wp-json\/wp\/v2\/categories?post=12658"},{"taxonomy":"post_tag","embeddable":true,"href":"https:\/\/canela.rs.gov.br\/sitenovo\/wp-json\/wp\/v2\/tags?post=12658"}],"curies":[{"name":"wp","href":"https:\/\/api.w.org\/{rel}","templated":true}]}}