{"id":12632,"date":"2026-02-10T13:42:53","date_gmt":"2026-02-10T16:42:53","guid":{"rendered":"https:\/\/canela.rs.gov.br\/sitenovo\/?p=12632"},"modified":"2026-02-10T13:42:55","modified_gmt":"2026-02-10T16:42:55","slug":"escolas-municipais-de-educacao-infantil-de-canela-retornam-as-aulas-nesta-terca-feira","status":"publish","type":"post","link":"https:\/\/canela.rs.gov.br\/sitenovo\/escolas-municipais-de-educacao-infantil-de-canela-retornam-as-aulas-nesta-terca-feira\/","title":{"rendered":"Escolas municipais de educa\u00e7\u00e3o infantil de Canela retornam \u00e0s aulas nesta ter\u00e7a-feira"},"content":{"rendered":"\n<p>O material escolar organizado na mochila, a ansiedade para rever os coleguinhas e a expectativa por um novo ano letivo fazem desta ter\u00e7a-feira, dia 10, uma data especial: a volta \u00e0s aulas nas escolas municipais de educa\u00e7\u00e3o infantil de Canela. Em prepara\u00e7\u00e3o para esse retorno, a Prefeitura, por meio da Secretaria de Educa\u00e7\u00e3o, Esporte e Lazer, promoveu uma s\u00e9rie de melhorias, como a pintura dos pr\u00e9dios e a revis\u00e3o das instala\u00e7\u00f5es el\u00e9tricas &#8211; sempre com o cuidado de deixar os espa\u00e7os escolares prontos para receber os pequenos estudantes.<\/p>\n\n\n\n<p>Logo cedo pela manh\u00e3, na Escola \u00cdtala Reis, no Centro, o movimento intenso de fam\u00edlias chegando com as crian\u00e7as j\u00e1 denunciava que as aulas estavam voltando. O educand\u00e1rio atende 132 crian\u00e7as, de zero a 5 anos de idade.<\/p>\n\n\n\n<p>Tamb\u00e9m retornam nesta ter\u00e7a-feira \u00e0s escolas Alice Wortmann, no bairro S\u00e3o Luiz; Cora Cunha Viana, no Centro; Diva Pedroso Cunha, no Eug\u00eanio Ferreira; Eva Alzira Bianchi, no Jardim das Fontes; Selma Port Hermann, no S\u00e3o Lucas; Sylvio Hoffmann, no Leodoro Azevedo; e Serafina Seibt, no S\u00e3o Jos\u00e9.<\/p>\n\n\n\n<p>A rede municipal de educa\u00e7\u00e3o infantil de Canela atende a cerca de 3 mil crian\u00e7as, divididas em turmas de ber\u00e7\u00e1rio, maternal e pr\u00e9-escola.<br><strong><br>Inscri\u00e7\u00f5es para a educa\u00e7\u00e3o infantil<\/strong><\/p>\n\n\n\n<p>O Munic\u00edpio est\u00e1 recebendo inscri\u00e7\u00f5es para a lista de espera das escolas de educa\u00e7\u00e3o infantil. Pais e ou respons\u00e1veis pelas crian\u00e7as devem acessar o&nbsp;<a href=\"http:\/\/www.canela.rs.gov.br\/\" target=\"_blank\" rel=\"noreferrer noopener\">site da Prefeitura<\/a>, clicar na aba \u201c<a href=\"https:\/\/educacao.canela.rs.gov.br:8181\/sys527\/publico\/lista-de-espera.xhtml\" target=\"_blank\" rel=\"noreferrer noopener\">Lista de Espera Educa\u00e7\u00e3o Infantil<\/a>\u201d e depois em \u201cClique para inscrever um candidato em uma lista de espera\u201d. A Secretaria de Educa\u00e7\u00e3o refor\u00e7a a import\u00e2ncia de fornecer n\u00famero de telefone ativo, pois ser\u00e1 atrav\u00e9s dele que ser\u00e1 feito o contato para verificar o interesse na vaga.<\/p>\n\n\n\n<p>Mais informa\u00e7\u00f5es sobre inscri\u00e7\u00f5es e matr\u00edculas podem ser conferidas pelo telefone (54) 3282-5150 ou diretamente na secretaria, na rua Rua Borges de Medeiros, 926, Centro de Canela.<\/p>\n\n\n\n<p><strong>Escolas de ensino fundamental retornam dia 19<\/strong><\/p>\n\n\n\n<p>Na pr\u00f3xima semana, ser\u00e1 a vez das escolas de ensino fundamental do munic\u00edpio retornarem \u00e0s aulas. Os alunos voltam no dia 19, quinta-feira, ap\u00f3s o feriado prolongado de Carnaval.<\/p>\n\n\n\n<p>Para recepcionar os estudantes, as escolas est\u00e3o recebendo obras desde o in\u00edcio deste ano. Pintura da parte interna e externa dos pr\u00e9dios, instala\u00e7\u00e3o de cercamento, pisos em PVS e de port\u00e3o novo, troca de portas e janelas, e a conclus\u00e3o de passarela coberta s\u00e3o algumas das melhorias efetuadas pelo setor de Manuten\u00e7\u00e3o da Secretaria de Educa\u00e7\u00e3o para este ano letivo. Ao longo de 2026, mais obras devem ocorrer para qualificar ainda mais a estrutura dos educand\u00e1rios.<\/p>\n\n\n\n<p><\/p>\n\n\n\n<p>Texto: Adriana Rabassa\/Prefeitura de Canela<\/p>\n\n\n\n<p><\/p>\n","protected":false},"excerpt":{"rendered":"<p>O material escolar organizado na mochila, a ansiedade para rever os coleguinhas e a expectativa por um novo ano letivo fazem desta ter\u00e7a-feira, dia 10, uma data especial: a volta \u00e0s aulas nas escolas municipais de educa\u00e7\u00e3o infantil de Canela. Em prepara\u00e7\u00e3o para esse retorno, a Prefeitura, por meio da Secretaria de Educa\u00e7\u00e3o, Esporte e [&hellip;]<\/p>\n","protected":false},"author":3,"featured_media":12633,"comment_status":"open","ping_status":"open","sticky":false,"template":"","format":"standard","meta":{"footnotes":""},"categories":[45],"tags":[],"class_list":["post-12632","post","type-post","status-publish","format-standard","has-post-thumbnail","hentry","category-post_educacao"],"_links":{"self":[{"href":"https:\/\/canela.rs.gov.br\/sitenovo\/wp-json\/wp\/v2\/posts\/12632","targetHints":{"allow":["GET"]}}],"collection":[{"href":"https:\/\/canela.rs.gov.br\/sitenovo\/wp-json\/wp\/v2\/posts"}],"about":[{"href":"https:\/\/canela.rs.gov.br\/sitenovo\/wp-json\/wp\/v2\/types\/post"}],"author":[{"embeddable":true,"href":"https:\/\/canela.rs.gov.br\/sitenovo\/wp-json\/wp\/v2\/users\/3"}],"replies":[{"embeddable":true,"href":"https:\/\/canela.rs.gov.br\/sitenovo\/wp-json\/wp\/v2\/comments?post=12632"}],"version-history":[{"count":1,"href":"https:\/\/canela.rs.gov.br\/sitenovo\/wp-json\/wp\/v2\/posts\/12632\/revisions"}],"predecessor-version":[{"id":12634,"href":"https:\/\/canela.rs.gov.br\/sitenovo\/wp-json\/wp\/v2\/posts\/12632\/revisions\/12634"}],"wp:featuredmedia":[{"embeddable":true,"href":"https:\/\/canela.rs.gov.br\/sitenovo\/wp-json\/wp\/v2\/media\/12633"}],"wp:attachment":[{"href":"https:\/\/canela.rs.gov.br\/sitenovo\/wp-json\/wp\/v2\/media?parent=12632"}],"wp:term":[{"taxonomy":"category","embeddable":true,"href":"https:\/\/canela.rs.gov.br\/sitenovo\/wp-json\/wp\/v2\/categories?post=12632"},{"taxonomy":"post_tag","embeddable":true,"href":"https:\/\/canela.rs.gov.br\/sitenovo\/wp-json\/wp\/v2\/tags?post=12632"}],"curies":[{"name":"wp","href":"https:\/\/api.w.org\/{rel}","templated":true}]}}