{"id":12628,"date":"2026-02-09T14:11:37","date_gmt":"2026-02-09T17:11:37","guid":{"rendered":"https:\/\/canela.rs.gov.br\/sitenovo\/?p=12628"},"modified":"2026-02-09T14:11:39","modified_gmt":"2026-02-09T17:11:39","slug":"vacinar-para-prevenir-canela-inicia-vacinacao-contra-a-dengue-mesmo-sem-casos-registrados","status":"publish","type":"post","link":"https:\/\/canela.rs.gov.br\/sitenovo\/vacinar-para-prevenir-canela-inicia-vacinacao-contra-a-dengue-mesmo-sem-casos-registrados\/","title":{"rendered":"Vacinar para prevenir: Canela inicia vacina\u00e7\u00e3o contra a dengue mesmo sem casos registrados"},"content":{"rendered":"\n<p>Canela come\u00e7a nesta ter\u00e7a-feira, dia 10, a vacina\u00e7\u00e3o contra a dengue, refor\u00e7ando a preven\u00e7\u00e3o mesmo sem haver registro de casos da doen\u00e7a no munic\u00edpio neste ano. A vacina estar\u00e1 dispon\u00edvel em todas as salas de vacina\u00e7\u00e3o das Unidades B\u00e1sicas de Sa\u00fade (UBS) Central, Canelinha, S\u00e3o Luiz, Leodoro de Azevedo e Santa Marta.<br>Seguindo orienta\u00e7\u00e3o do Minist\u00e9rio da Sa\u00fade, o p\u00fablico-alvo da campanha s\u00e3o adolescentes de 10 a 14 anos, faixa et\u00e1ria que apresenta maior taxa de hospitaliza\u00e7\u00f5es e risco de complica\u00e7\u00f5es causadas pela dengue. A imuniza\u00e7\u00e3o \u00e9 feita com duas doses, com intervalo de tr\u00eas meses entre elas.<br>As salas de vacina funcionam de segunda a sexta-feira, das 7h30 \u00e0s 11h e das 13h \u00e0s 16h. Para receber a dose, os adolescentes devem estar acompanhados de um respons\u00e1vel e apresentar documento de identidade e a Carteira de Vacinas.<\/p>\n\n\n\n<p><strong>Munic\u00edpio segue sem casos de dengue<\/strong><br>Apesar de Canela n\u00e3o registrar casos de dengue em 2026 e n\u00e3o possuir focos do mosquito Aedes aegypti no momento, a Secretaria Municipal de Sa\u00fade aderiu \u00e0 campanha nacional e iniciou a vacina\u00e7\u00e3o ap\u00f3s o recebimento da remessa do imunizante no in\u00edcio desta semana.<br>Conforme dados do sistema da Secretaria Estadual da Sa\u00fade, em 2025 o munic\u00edpio teve tr\u00eas casos de dengue, sendo um contra\u00eddo em Canela e dois relacionados a infec\u00e7\u00e3o durante viagens para outras localidades.<\/p>\n\n\n\n<p><strong>Monitoramento e preven\u00e7\u00e3o continuam<\/strong><br>Al\u00e9m da vacina\u00e7\u00e3o, o trabalho de preven\u00e7\u00e3o segue sendo realizado pela Vigil\u00e2ncia Ambiental, que mant\u00e9m o monitoramento constante em resid\u00eancias e \u00e1reas urbanas. A equipe faz a coleta de amostras sempre que identifica poss\u00edveis criadouros do mosquito, como recipientes com \u00e1gua parada.<br>Canela n\u00e3o registra focos do Aedes aegypti desde abril de 2024. Como refor\u00e7o \u00e0s a\u00e7\u00f5es, o munic\u00edpio est\u00e1 implementando uma nova metodologia de monitoramento por meio de armadilhas chamadas ovitrampas.<br>\u201cEstamos ampliando o controle com novas estrat\u00e9gias, mas a colabora\u00e7\u00e3o da popula\u00e7\u00e3o continua sendo fundamental\u201d, destaca o coordenador da Vigil\u00e2ncia Ambiental, F\u00e1bio Moura da Costa, que orienta os moradores a evitarem \u00e1gua acumulada em pneus, calhas, piscinas sem tratamento e outros recipientes.<\/p>\n\n\n\n<p>Texto: Adriana Rabassa\/Prefeitura de Canela<\/p>\n\n\n\n<p><\/p>\n","protected":false},"excerpt":{"rendered":"<p>Canela come\u00e7a nesta ter\u00e7a-feira, dia 10, a vacina\u00e7\u00e3o contra a dengue, refor\u00e7ando a preven\u00e7\u00e3o mesmo sem haver registro de casos da doen\u00e7a no munic\u00edpio neste ano. A vacina estar\u00e1 dispon\u00edvel em todas as salas de vacina\u00e7\u00e3o das Unidades B\u00e1sicas de Sa\u00fade (UBS) Central, Canelinha, S\u00e3o Luiz, Leodoro de Azevedo e Santa Marta.Seguindo orienta\u00e7\u00e3o do Minist\u00e9rio [&hellip;]<\/p>\n","protected":false},"author":3,"featured_media":12630,"comment_status":"open","ping_status":"open","sticky":false,"template":"","format":"standard","meta":{"footnotes":""},"categories":[144,48],"tags":[],"class_list":["post-12628","post","type-post","status-publish","format-standard","has-post-thumbnail","hentry","category-saude","category-post_meio-ambiente"],"_links":{"self":[{"href":"https:\/\/canela.rs.gov.br\/sitenovo\/wp-json\/wp\/v2\/posts\/12628","targetHints":{"allow":["GET"]}}],"collection":[{"href":"https:\/\/canela.rs.gov.br\/sitenovo\/wp-json\/wp\/v2\/posts"}],"about":[{"href":"https:\/\/canela.rs.gov.br\/sitenovo\/wp-json\/wp\/v2\/types\/post"}],"author":[{"embeddable":true,"href":"https:\/\/canela.rs.gov.br\/sitenovo\/wp-json\/wp\/v2\/users\/3"}],"replies":[{"embeddable":true,"href":"https:\/\/canela.rs.gov.br\/sitenovo\/wp-json\/wp\/v2\/comments?post=12628"}],"version-history":[{"count":1,"href":"https:\/\/canela.rs.gov.br\/sitenovo\/wp-json\/wp\/v2\/posts\/12628\/revisions"}],"predecessor-version":[{"id":12631,"href":"https:\/\/canela.rs.gov.br\/sitenovo\/wp-json\/wp\/v2\/posts\/12628\/revisions\/12631"}],"wp:featuredmedia":[{"embeddable":true,"href":"https:\/\/canela.rs.gov.br\/sitenovo\/wp-json\/wp\/v2\/media\/12630"}],"wp:attachment":[{"href":"https:\/\/canela.rs.gov.br\/sitenovo\/wp-json\/wp\/v2\/media?parent=12628"}],"wp:term":[{"taxonomy":"category","embeddable":true,"href":"https:\/\/canela.rs.gov.br\/sitenovo\/wp-json\/wp\/v2\/categories?post=12628"},{"taxonomy":"post_tag","embeddable":true,"href":"https:\/\/canela.rs.gov.br\/sitenovo\/wp-json\/wp\/v2\/tags?post=12628"}],"curies":[{"name":"wp","href":"https:\/\/api.w.org\/{rel}","templated":true}]}}