{"id":12624,"date":"2026-02-09T08:31:32","date_gmt":"2026-02-09T11:31:32","guid":{"rendered":"https:\/\/canela.rs.gov.br\/sitenovo\/?p=12624"},"modified":"2026-02-09T08:31:34","modified_gmt":"2026-02-09T11:31:34","slug":"hospital-de-canela-fortalece-o-cuidado-humanizado-com-projeto-arvore-da-vida-na-maternidade","status":"publish","type":"post","link":"https:\/\/canela.rs.gov.br\/sitenovo\/hospital-de-canela-fortalece-o-cuidado-humanizado-com-projeto-arvore-da-vida-na-maternidade\/","title":{"rendered":"Hospital de Canela fortalece o cuidado humanizado com projeto &#8220;\u00c1rvore da Vida&#8221; na Maternidade"},"content":{"rendered":"\n<p>No Hospital de Caridade de Canela (HCC), uma pr\u00e1tica voltada \u00e0 humaniza\u00e7\u00e3o do parto tem se consolidado na Maternidade da institui\u00e7\u00e3o. Ap\u00f3s o nascimento dos beb\u00eas, as placentas s\u00e3o utilizadas para a confec\u00e7\u00e3o da chamada \u201c\u00c1rvore da Vida\u201d, uma esp\u00e9cie de obra de arte que registra simbolicamente a chegada de uma nova vida e \u00e9 entregue \u00e0s fam\u00edlias como lembran\u00e7a desse momento.<\/p>\n\n\n\n<p>A t\u00e9cnica \u00e9 oferecida gratuitamente a todas as gestantes atendidas no HCC, independentemente de serem pacientes do Sistema \u00danico de Sa\u00fade (SUS), de conv\u00eanios ou particulares. A iniciativa refor\u00e7a o compromisso da institui\u00e7\u00e3o com a humaniza\u00e7\u00e3o da assist\u00eancia obst\u00e9trica e com a valoriza\u00e7\u00e3o do nascimento em todas as suas formas.<\/p>\n\n\n\n<p>A pr\u00e1tica da impress\u00e3o da placenta \u00e9 conhecida em diferentes regi\u00f5es do pa\u00eds e tem como objetivo tornar o parto em um momento mais acolhedor, independentemente da via de nascimento, seja parto normal ou cesariana. Em muitas maternidades, o servi\u00e7o costuma ser ofertado de forma particular. No HCC, o diferencial est\u00e1 na disponibiliza\u00e7\u00e3o do procedimento sem custos, em uma institui\u00e7\u00e3o que atende majoritariamente pacientes do SUS.<\/p>\n\n\n\n<p>De acordo com a enfermeira obstetra e coordenadora da Maternidade do HCC, Fabiana Rodrigues, a confec\u00e7\u00e3o da \u00c1rvore da Vida come\u00e7ou a ser realizada na unidade h\u00e1 cerca de dois anos, inicialmente por profissionais que j\u00e1 conheciam a t\u00e9cnica e passaram a oferec\u00ea-la \u00e0s gestantes atendidas em Canela. Com o tempo, a pr\u00e1tica foi incorporada \u00e0 rotina da Maternidade.<br>\u201cHoje, a maioria das fam\u00edlias demonstra interesse no registro. Muitas gestantes j\u00e1 solicitam o carimbo previamente, o que mostra a aceita\u00e7\u00e3o e a import\u00e2ncia da iniciativa\u201d, explica.<\/p>\n\n\n\n<p>A respons\u00e1vel t\u00e9cnica pela equipe de Enfermagem do hospital, M\u00e1rcia Picolotto, destaca que a a\u00e7\u00e3o vem sendo fortalecida em Canela como parte do cuidado humanizado.&nbsp; \u201cA iniciativa evidencia o respeito \u00e0s escolhas da gestante e a valoriza\u00e7\u00e3o do nascimento, independentemente da forma como ocorreu. Registrar esse momento por meio da \u00c1rvore da Vida contribui para qualificar a experi\u00eancia das fam\u00edlias e refor\u00e7a o cuidado prestado pela institui\u00e7\u00e3o\u201d, afirma.<\/p>\n\n\n\n<h2 class=\"wp-block-heading\">Como \u00e9 realizado o carimbo da placenta<\/h2>\n\n\n\n<p>O procedimento consiste na impress\u00e3o da placenta em papel de maior gramatura, realizada ap\u00f3s o parto e o corte do cord\u00e3o umbilical. A imagem \u00e9 formada a partir do pr\u00f3prio \u00f3rg\u00e3o, ainda com o sangue presente, gerando um desenho que remete \u00e0 forma de uma \u00e1rvore.<\/p>\n\n\n\n<p>Em alguns casos, podem ser adicionadas cores e informa\u00e7\u00f5es complementares, como data e hor\u00e1rio do nascimento, nome do rec\u00e9m-nascido e identifica\u00e7\u00e3o da equipe que acompanhou o parto, conforme a prefer\u00eancia da fam\u00edlia.<\/p>\n\n\n\n<p>A denomina\u00e7\u00e3o \u201c\u00c1rvore da Vida\u201d est\u00e1 relacionada \u00e0 fun\u00e7\u00e3o da placenta durante a gesta\u00e7\u00e3o, uma vez que o \u00f3rg\u00e3o \u00e9 respons\u00e1vel pelas trocas de nutrientes e oxig\u00eanio entre m\u00e3e e beb\u00ea ao longo dos nove meses.<\/p>\n\n\n\n<h2 class=\"wp-block-heading\">Servi\u00e7o dispon\u00edvel para todas as gestantes<\/h2>\n\n\n\n<p>A equipe da Maternidade do Hospital de Caridade de Canela informa que o servi\u00e7o est\u00e1 dispon\u00edvel para todas as gestantes que optarem por realizar o parto na unidade. O carimbo da placenta \u00e9 realizado gratuitamente pelos profissionais que acompanham o nascimento, respeitando a decis\u00e3o da fam\u00edlia quanto \u00e0 realiza\u00e7\u00e3o e aos detalhes do registro.<\/p>\n\n\n\n<p>Texto: Adriana Rabassa\/Prefeitura de Canela<\/p>\n","protected":false},"excerpt":{"rendered":"<p>No Hospital de Caridade de Canela (HCC), uma pr\u00e1tica voltada \u00e0 humaniza\u00e7\u00e3o do parto tem se consolidado na Maternidade da institui\u00e7\u00e3o. Ap\u00f3s o nascimento dos beb\u00eas, as placentas s\u00e3o utilizadas para a confec\u00e7\u00e3o da chamada \u201c\u00c1rvore da Vida\u201d, uma esp\u00e9cie de obra de arte que registra simbolicamente a chegada de uma nova vida e \u00e9 [&hellip;]<\/p>\n","protected":false},"author":3,"featured_media":12625,"comment_status":"open","ping_status":"open","sticky":false,"template":"","format":"standard","meta":{"footnotes":""},"categories":[144],"tags":[],"class_list":["post-12624","post","type-post","status-publish","format-standard","has-post-thumbnail","hentry","category-saude"],"_links":{"self":[{"href":"https:\/\/canela.rs.gov.br\/sitenovo\/wp-json\/wp\/v2\/posts\/12624","targetHints":{"allow":["GET"]}}],"collection":[{"href":"https:\/\/canela.rs.gov.br\/sitenovo\/wp-json\/wp\/v2\/posts"}],"about":[{"href":"https:\/\/canela.rs.gov.br\/sitenovo\/wp-json\/wp\/v2\/types\/post"}],"author":[{"embeddable":true,"href":"https:\/\/canela.rs.gov.br\/sitenovo\/wp-json\/wp\/v2\/users\/3"}],"replies":[{"embeddable":true,"href":"https:\/\/canela.rs.gov.br\/sitenovo\/wp-json\/wp\/v2\/comments?post=12624"}],"version-history":[{"count":1,"href":"https:\/\/canela.rs.gov.br\/sitenovo\/wp-json\/wp\/v2\/posts\/12624\/revisions"}],"predecessor-version":[{"id":12627,"href":"https:\/\/canela.rs.gov.br\/sitenovo\/wp-json\/wp\/v2\/posts\/12624\/revisions\/12627"}],"wp:featuredmedia":[{"embeddable":true,"href":"https:\/\/canela.rs.gov.br\/sitenovo\/wp-json\/wp\/v2\/media\/12625"}],"wp:attachment":[{"href":"https:\/\/canela.rs.gov.br\/sitenovo\/wp-json\/wp\/v2\/media?parent=12624"}],"wp:term":[{"taxonomy":"category","embeddable":true,"href":"https:\/\/canela.rs.gov.br\/sitenovo\/wp-json\/wp\/v2\/categories?post=12624"},{"taxonomy":"post_tag","embeddable":true,"href":"https:\/\/canela.rs.gov.br\/sitenovo\/wp-json\/wp\/v2\/tags?post=12624"}],"curies":[{"name":"wp","href":"https:\/\/api.w.org\/{rel}","templated":true}]}}