{"id":12621,"date":"2026-02-06T09:19:59","date_gmt":"2026-02-06T12:19:59","guid":{"rendered":"https:\/\/canela.rs.gov.br\/sitenovo\/?p=12621"},"modified":"2026-02-06T09:20:01","modified_gmt":"2026-02-06T12:20:01","slug":"canela-avanca-na-organizacao-da-32a-festa-colonial","status":"publish","type":"post","link":"https:\/\/canela.rs.gov.br\/sitenovo\/canela-avanca-na-organizacao-da-32a-festa-colonial\/","title":{"rendered":"Canela avan\u00e7a na organiza\u00e7\u00e3o da 32\u00aa Festa Colonial"},"content":{"rendered":"\n<p>A Secretaria de Turismo e Cultura de Canela realizou, na quinta-feira, 5, uma reuni\u00e3o de alinhamento para a organiza\u00e7\u00e3o da 32\u00aa edi\u00e7\u00e3o da tradicional Festa Colonial de Canela. O encontro aconteceu na sede da Secretaria, junto \u00e0 Prefeitura, e teve como foco estruturar a\u00e7\u00f5es, definir diretrizes e integrar os setores envolvidos na realiza\u00e7\u00e3o de um dos eventos mais emblem\u00e1ticos do calend\u00e1rio tur\u00edstico do munic\u00edpio.<\/p>\n\n\n\n<p>A reuni\u00e3o foi conduzida pelo secret\u00e1rio de Turismo de Canela, Athos Cunha, e pelo secret\u00e1rio adjunto, Jaison Remonti, que destacaram a import\u00e2ncia do planejamento antecipado para garantir a qualidade do evento, que est\u00e1 previsto para ocorrer entre os meses de julho e agosto deste ano. A Festa Colonial valoriza as tradi\u00e7\u00f5es, a gastronomia e a produ\u00e7\u00e3o rural local, fortalecendo o turismo e a identidade cultural da cidade.<\/p>\n\n\n\n<p>Participaram do encontro representantes da Emater, do Sindicato dos Trabalhadores Rurais, al\u00e9m das Secretarias de Turismo e Cultura e de Obras, Servi\u00e7os Urbanos e Agricultura, refor\u00e7ando a integra\u00e7\u00e3o entre os diferentes setores que atuam diretamente na organiza\u00e7\u00e3o e execu\u00e7\u00e3o da Festa Colonial.<\/p>\n\n\n\n<p>O prefeito de Canela, Gilberto Cezar, ressaltou o papel estrat\u00e9gico do evento para o munic\u00edpio. \u201cA Festa Colonial \u00e9 mais do que um evento, ela representa a ess\u00eancia de Canela: o trabalho do nosso interior, a for\u00e7a da agricultura familiar e a hospitalidade do nosso povo. Estamos empenhados em realizar uma grande edi\u00e7\u00e3o, atrativa e acolhedora para moradores e visitantes\u201d, afirmou o prefeito.<\/p>\n\n\n\n<p>Segundo a Secretaria de Turismo, novas reuni\u00f5es t\u00e9cnicas e operacionais ser\u00e3o realizadas nas pr\u00f3ximas semanas para detalhar a programa\u00e7\u00e3o, a estrutura e as a\u00e7\u00f5es de divulga\u00e7\u00e3o da 32\u00aa Festa Colonial de Canela.<\/p>\n","protected":false},"excerpt":{"rendered":"<p>A Secretaria de Turismo e Cultura de Canela realizou, na quinta-feira, 5, uma reuni\u00e3o de alinhamento para a organiza\u00e7\u00e3o da 32\u00aa edi\u00e7\u00e3o da tradicional Festa Colonial de Canela. O encontro aconteceu na sede da Secretaria, junto \u00e0 Prefeitura, e teve como foco estruturar a\u00e7\u00f5es, definir diretrizes e integrar os setores envolvidos na realiza\u00e7\u00e3o de um [&hellip;]<\/p>\n","protected":false},"author":3,"featured_media":12622,"comment_status":"open","ping_status":"open","sticky":false,"template":"","format":"standard","meta":{"footnotes":""},"categories":[55],"tags":[],"class_list":["post-12621","post","type-post","status-publish","format-standard","has-post-thumbnail","hentry","category-post_turismo"],"_links":{"self":[{"href":"https:\/\/canela.rs.gov.br\/sitenovo\/wp-json\/wp\/v2\/posts\/12621","targetHints":{"allow":["GET"]}}],"collection":[{"href":"https:\/\/canela.rs.gov.br\/sitenovo\/wp-json\/wp\/v2\/posts"}],"about":[{"href":"https:\/\/canela.rs.gov.br\/sitenovo\/wp-json\/wp\/v2\/types\/post"}],"author":[{"embeddable":true,"href":"https:\/\/canela.rs.gov.br\/sitenovo\/wp-json\/wp\/v2\/users\/3"}],"replies":[{"embeddable":true,"href":"https:\/\/canela.rs.gov.br\/sitenovo\/wp-json\/wp\/v2\/comments?post=12621"}],"version-history":[{"count":1,"href":"https:\/\/canela.rs.gov.br\/sitenovo\/wp-json\/wp\/v2\/posts\/12621\/revisions"}],"predecessor-version":[{"id":12623,"href":"https:\/\/canela.rs.gov.br\/sitenovo\/wp-json\/wp\/v2\/posts\/12621\/revisions\/12623"}],"wp:featuredmedia":[{"embeddable":true,"href":"https:\/\/canela.rs.gov.br\/sitenovo\/wp-json\/wp\/v2\/media\/12622"}],"wp:attachment":[{"href":"https:\/\/canela.rs.gov.br\/sitenovo\/wp-json\/wp\/v2\/media?parent=12621"}],"wp:term":[{"taxonomy":"category","embeddable":true,"href":"https:\/\/canela.rs.gov.br\/sitenovo\/wp-json\/wp\/v2\/categories?post=12621"},{"taxonomy":"post_tag","embeddable":true,"href":"https:\/\/canela.rs.gov.br\/sitenovo\/wp-json\/wp\/v2\/tags?post=12621"}],"curies":[{"name":"wp","href":"https:\/\/api.w.org\/{rel}","templated":true}]}}