{"id":12546,"date":"2026-02-04T08:34:46","date_gmt":"2026-02-04T11:34:46","guid":{"rendered":"https:\/\/canela.rs.gov.br\/sitenovo\/?p=12546"},"modified":"2026-02-04T08:34:48","modified_gmt":"2026-02-04T11:34:48","slug":"rede-municipal-de-educacao-infantil-de-canela-passa-por-preparacao-para-o-inicio-do-ano-letivo","status":"publish","type":"post","link":"https:\/\/canela.rs.gov.br\/sitenovo\/rede-municipal-de-educacao-infantil-de-canela-passa-por-preparacao-para-o-inicio-do-ano-letivo\/","title":{"rendered":"Rede municipal de educa\u00e7\u00e3o infantil de Canela passa por prepara\u00e7\u00e3o para o in\u00edcio do ano letivo"},"content":{"rendered":"\n<p>Pintura renovada e colorida, portas e janelas novas, telhado trocado, pra\u00e7a com brinquedos variados, cercamento, piso no p\u00e1tio e muito mais. Essas s\u00e3o algumas das melhorias que a Prefeitura de Canela, por meio da Secretaria de Educa\u00e7\u00e3o, Esporte e Lazer, tem realizado na rede de escolas municipais infantis, prevendo o retorno \u00e0s aulas na pr\u00f3xima semana. Na segunda-feira, dia 9 de fevereiro, acontece a abertura oficial do ano letivo para os profissionais da educa\u00e7\u00e3o infantil. J\u00e1 as crian\u00e7as voltam aos educand\u00e1rios a partir da ter\u00e7a-feira, 10.<br>Desde o in\u00edcio da atual gest\u00e3o municipal, o setor de Manuten\u00e7\u00e3o da Secretaria de Educa\u00e7\u00e3o tem se empenhado para suprimir os problemas encontrados nas escolas e melhorar a qualidade da estrutura que atende \u00e0s mais de 3 mil crian\u00e7as da educa\u00e7\u00e3o infantil.<br>Prioritariamente, para o ano letivo 2026, quatro institui\u00e7\u00f5es recebem a maior parte das benfeitorias neste momento: Serafina Seibt, no bairro S\u00e3o Jos\u00e9; Eva Alzira Bianchi, no Jardim das Fontes; \u00cdtala Reis, no Centro; e Sylvio Hoffmann, localizada no Leodoro Azevedo. \u201cEssas escolas apresentavam maior grau de deteriora\u00e7\u00e3o e precisavam de investimentos mais profundos\u201d, esclarece o secret\u00e1rio adjunto de Educa\u00e7\u00e3o, Evandro Nunes. As demais institui\u00e7\u00f5es infantis do Munic\u00edpio &#8211; Alice Wortmann, Cora Cunha Viana, Diva Pedroso da Cunha e Selma Port Hermann receberam diversas melhorias no ano passado.<\/p>\n\n\n\n<p><strong>Melhorias<\/strong><br>De acordo com o respons\u00e1vel pelo setor de Manuten\u00e7\u00e3o, Fladimir Bohn, a Escola Eva Alzira Bianchi \u00e9 o educand\u00e1rio em que est\u00e1 sendo feito o maior investimento para o ano letivo de 2026. Para o in\u00edcio das aulas, est\u00e1 sendo finalizada, nesta semana, a pintura da parte de dentro e de fora, e sendo conclu\u00edda a instala\u00e7\u00e3o das novas janelas nos corredores. Os acessos v\u00e3o receber nos pr\u00f3ximos dias tamb\u00e9m piso em blocos intertravados, para oferecer mais conforto \u00e0s crian\u00e7as e fam\u00edlias na chegada e sa\u00edda do pr\u00e9dio. E uma nova pra\u00e7a com brinquedos deve ser instalada tamb\u00e9m.<br>No Centro, a Escola \u00cdtala Reis recebe reparos nas instala\u00e7\u00f5es el\u00e9tricas. J\u00e1 na Escola Serafina Seibt, situada no bairro S\u00e3o Jos\u00e9, as obras envolvem a troca do telhado do refeit\u00f3rio que tinha diversas goteiras, o conserto do cercamento que possui falhas em alguns pontos, reparos na pintura, al\u00e9m de limpeza e troca de calhas. E, ainda, a Escola Sylvio Hoffmann, no Leodoro Azevedo, ter\u00e1 uma pra\u00e7a com brinquedos para este ano letivo.<\/p>\n\n\n\n<p><strong>Prepara\u00e7\u00e3o das equipes<\/strong><br>\u00c0s v\u00e9speras do retorno das crian\u00e7as \u00e0s escolas do Munic\u00edpio, os profissionais que atendem os pequenos de 0 a 5 anos de idade, participar\u00e3o de uma palestra sobre \u201cA a\u00e7\u00e3o pedag\u00f3gica na educa\u00e7\u00e3o infantil\u201d, com a pedagoga e doutoranda em Educa\u00e7\u00e3o pela Universidade Federal do Rio Grande do Sul, Let\u00edcia Streit. O evento acontece na segunda-feira, dia 9, \u00e0s 18h, no campus Hort\u00eansias da Universidade de Caxias do Sul, em Canela.<\/p>\n\n\n\n<p>Texto: Adriana Rabassa\/Prefeitura de Canela<\/p>\n","protected":false},"excerpt":{"rendered":"<p>Pintura renovada e colorida, portas e janelas novas, telhado trocado, pra\u00e7a com brinquedos variados, cercamento, piso no p\u00e1tio e muito mais. Essas s\u00e3o algumas das melhorias que a Prefeitura de Canela, por meio da Secretaria de Educa\u00e7\u00e3o, Esporte e Lazer, tem realizado na rede de escolas municipais infantis, prevendo o retorno \u00e0s aulas na pr\u00f3xima [&hellip;]<\/p>\n","protected":false},"author":3,"featured_media":12547,"comment_status":"open","ping_status":"open","sticky":false,"template":"","format":"standard","meta":{"footnotes":""},"categories":[45],"tags":[],"class_list":["post-12546","post","type-post","status-publish","format-standard","has-post-thumbnail","hentry","category-post_educacao"],"_links":{"self":[{"href":"https:\/\/canela.rs.gov.br\/sitenovo\/wp-json\/wp\/v2\/posts\/12546","targetHints":{"allow":["GET"]}}],"collection":[{"href":"https:\/\/canela.rs.gov.br\/sitenovo\/wp-json\/wp\/v2\/posts"}],"about":[{"href":"https:\/\/canela.rs.gov.br\/sitenovo\/wp-json\/wp\/v2\/types\/post"}],"author":[{"embeddable":true,"href":"https:\/\/canela.rs.gov.br\/sitenovo\/wp-json\/wp\/v2\/users\/3"}],"replies":[{"embeddable":true,"href":"https:\/\/canela.rs.gov.br\/sitenovo\/wp-json\/wp\/v2\/comments?post=12546"}],"version-history":[{"count":1,"href":"https:\/\/canela.rs.gov.br\/sitenovo\/wp-json\/wp\/v2\/posts\/12546\/revisions"}],"predecessor-version":[{"id":12548,"href":"https:\/\/canela.rs.gov.br\/sitenovo\/wp-json\/wp\/v2\/posts\/12546\/revisions\/12548"}],"wp:featuredmedia":[{"embeddable":true,"href":"https:\/\/canela.rs.gov.br\/sitenovo\/wp-json\/wp\/v2\/media\/12547"}],"wp:attachment":[{"href":"https:\/\/canela.rs.gov.br\/sitenovo\/wp-json\/wp\/v2\/media?parent=12546"}],"wp:term":[{"taxonomy":"category","embeddable":true,"href":"https:\/\/canela.rs.gov.br\/sitenovo\/wp-json\/wp\/v2\/categories?post=12546"},{"taxonomy":"post_tag","embeddable":true,"href":"https:\/\/canela.rs.gov.br\/sitenovo\/wp-json\/wp\/v2\/tags?post=12546"}],"curies":[{"name":"wp","href":"https:\/\/api.w.org\/{rel}","templated":true}]}}