{"id":12537,"date":"2026-02-03T10:50:34","date_gmt":"2026-02-03T13:50:34","guid":{"rendered":"https:\/\/canela.rs.gov.br\/sitenovo\/?p=12537"},"modified":"2026-02-03T10:50:36","modified_gmt":"2026-02-03T13:50:36","slug":"municipio-garante-continuidade-das-obras-do-novo-caps-do-canelinha","status":"publish","type":"post","link":"https:\/\/canela.rs.gov.br\/sitenovo\/municipio-garante-continuidade-das-obras-do-novo-caps-do-canelinha\/","title":{"rendered":"Munic\u00edpio garante continuidade das obras do novo Caps do Canelinha"},"content":{"rendered":"\n<p>Canela avan\u00e7a na amplia\u00e7\u00e3o da rede de aten\u00e7\u00e3o \u00e0 sa\u00fade mental com a continuidade das obras do novo Centro de Aten\u00e7\u00e3o Psicossocial (Caps), que est\u00e1 sendo constru\u00eddo no bairro Canelinha. O projeto representa um importante investimento na qualifica\u00e7\u00e3o dos servi\u00e7os de sa\u00fade oferecidos \u00e0 popula\u00e7\u00e3o.<br>Com a assinatura do contrato entre o Munic\u00edpio e a nova empresa BS Constru\u00e7\u00f5es e Reformas Ltda., de Parob\u00e9, nesta segunda-feira, dia 2, a execu\u00e7\u00e3o da obra segue assegurada. O investimento total \u00e9 de R$ 2.040.000,00, com recursos oriundos do Governo Federal, via Minist\u00e9rio da Sa\u00fade.<br>O novo Caps est\u00e1 sendo erguido na Avenida C\u00f4nego Jo\u00e3o Marchesi, n\u00ba 700, em uma \u00e1rea estrat\u00e9gica que j\u00e1 concentra outros servi\u00e7os p\u00fablicos, como a Unidade B\u00e1sica de Sa\u00fade e o Centro de Refer\u00eancia de Assist\u00eancia Social (Cras) do bairro Canelinha, fortalecendo a integra\u00e7\u00e3o das pol\u00edticas p\u00fablicas no territ\u00f3rio.<br>O projeto segue o modelo de Caps I do Minist\u00e9rio da Sa\u00fade, destinado a munic\u00edpios com mais de 15 mil habitantes, e contar\u00e1 com estrutura completa para atendimento individual e coletivo, espa\u00e7os de conviv\u00eancia, farm\u00e1cia, posto de enfermagem, sala de medica\u00e7\u00e3o, al\u00e9m de \u00e1reas administrativas adequadas para o funcionamento da equipe multiprofissional.<br>A ordem de in\u00edcio dos trabalhos dever\u00e1 ser emitida nos pr\u00f3ximos dias, permitindo a retomada das atividades no local. A previs\u00e3o \u00e9 de que a obra seja conclu\u00edda at\u00e9 o final de 2026.<\/p>\n\n\n\n<p><strong>Amplia\u00e7\u00e3o do atendimento em sa\u00fade mental<\/strong><br>Atualmente, Canela j\u00e1 conta com um Caps em funcionamento no bairro Boeira. Com a implanta\u00e7\u00e3o da nova unidade no Canelinha, o Munic\u00edpio ampliar\u00e1 a capacidade de atendimento, fortalecendo o cuidado \u00e0s pessoas que vivenciam intenso sofrimento ps\u00edquico. O servi\u00e7o ser\u00e1 destinado a usu\u00e1rios de todas as faixas et\u00e1rias, especialmente aqueles com transtornos mentais graves e persistentes, incluindo situa\u00e7\u00f5es relacionadas ao uso de \u00e1lcool e outras drogas, contribuindo para a promo\u00e7\u00e3o da sa\u00fade, da autonomia e da reinser\u00e7\u00e3o social.<\/p>\n","protected":false},"excerpt":{"rendered":"<p>Canela avan\u00e7a na amplia\u00e7\u00e3o da rede de aten\u00e7\u00e3o \u00e0 sa\u00fade mental com a continuidade das obras do novo Centro de Aten\u00e7\u00e3o Psicossocial (Caps), que est\u00e1 sendo constru\u00eddo no bairro Canelinha. O projeto representa um importante investimento na qualifica\u00e7\u00e3o dos servi\u00e7os de sa\u00fade oferecidos \u00e0 popula\u00e7\u00e3o.Com a assinatura do contrato entre o Munic\u00edpio e a nova [&hellip;]<\/p>\n","protected":false},"author":3,"featured_media":12538,"comment_status":"open","ping_status":"open","sticky":false,"template":"","format":"standard","meta":{"footnotes":""},"categories":[144],"tags":[],"class_list":["post-12537","post","type-post","status-publish","format-standard","has-post-thumbnail","hentry","category-saude"],"_links":{"self":[{"href":"https:\/\/canela.rs.gov.br\/sitenovo\/wp-json\/wp\/v2\/posts\/12537","targetHints":{"allow":["GET"]}}],"collection":[{"href":"https:\/\/canela.rs.gov.br\/sitenovo\/wp-json\/wp\/v2\/posts"}],"about":[{"href":"https:\/\/canela.rs.gov.br\/sitenovo\/wp-json\/wp\/v2\/types\/post"}],"author":[{"embeddable":true,"href":"https:\/\/canela.rs.gov.br\/sitenovo\/wp-json\/wp\/v2\/users\/3"}],"replies":[{"embeddable":true,"href":"https:\/\/canela.rs.gov.br\/sitenovo\/wp-json\/wp\/v2\/comments?post=12537"}],"version-history":[{"count":1,"href":"https:\/\/canela.rs.gov.br\/sitenovo\/wp-json\/wp\/v2\/posts\/12537\/revisions"}],"predecessor-version":[{"id":12539,"href":"https:\/\/canela.rs.gov.br\/sitenovo\/wp-json\/wp\/v2\/posts\/12537\/revisions\/12539"}],"wp:featuredmedia":[{"embeddable":true,"href":"https:\/\/canela.rs.gov.br\/sitenovo\/wp-json\/wp\/v2\/media\/12538"}],"wp:attachment":[{"href":"https:\/\/canela.rs.gov.br\/sitenovo\/wp-json\/wp\/v2\/media?parent=12537"}],"wp:term":[{"taxonomy":"category","embeddable":true,"href":"https:\/\/canela.rs.gov.br\/sitenovo\/wp-json\/wp\/v2\/categories?post=12537"},{"taxonomy":"post_tag","embeddable":true,"href":"https:\/\/canela.rs.gov.br\/sitenovo\/wp-json\/wp\/v2\/tags?post=12537"}],"curies":[{"name":"wp","href":"https:\/\/api.w.org\/{rel}","templated":true}]}}