{"id":12503,"date":"2026-01-29T16:50:59","date_gmt":"2026-01-29T19:50:59","guid":{"rendered":"https:\/\/canela.rs.gov.br\/sitenovo\/?p=12503"},"modified":"2026-01-29T16:51:01","modified_gmt":"2026-01-29T19:51:01","slug":"prefeitura-notifica-corsan-sobre-a-falta-de-agua-registrada-em-diversos-bairros-de-canela","status":"publish","type":"post","link":"https:\/\/canela.rs.gov.br\/sitenovo\/prefeitura-notifica-corsan-sobre-a-falta-de-agua-registrada-em-diversos-bairros-de-canela\/","title":{"rendered":"Prefeitura notifica Corsan sobre a falta de \u00e1gua registrada em diversos bairros de Canela"},"content":{"rendered":"\n<p>A falta de \u00e1gua tem sido constatada por moradores em diversos bairros de Canela. Com isso, a Prefeitura Municipal, por meio das secretarias de Meio Ambiente e Urbanismo, de Obras, Limpeza Urbana e Agricultura, e de Seguran\u00e7a P\u00fablica, Mobilidade e Fiscaliza\u00e7\u00e3o, tem cobrado a resolu\u00e7\u00e3o do desabastecimento, notificando a Companhia Riograndense de Saneamento (Corsan).<br>Em fun\u00e7\u00e3o da gravidade do problema, principalmente neste per\u00edodo do ano com as temperaturas altas, o Munic\u00edpio tamb\u00e9m oficiou a Ag\u00eancia Reguladora Intermunicipal de Saneamento (Agesan-RS), que nesta quinta-feira, dia 29, est\u00e1 na cidade para realizar a testagem dos sistemas de bombeamento de \u00e1gua.<br>Essa n\u00e3o \u00e9 a primeira vez que o Poder P\u00fablico notifica a Corsan em decorr\u00eancia de desabastecimentos &#8211; relatados pela comunidade diretamente \u00e0 Prefeitura. Atrav\u00e9s da comiss\u00e3o municipal, e por determina\u00e7\u00e3o do prefeito Gilberto Cezar, que acompanha a quest\u00e3o, os fiscais do Munic\u00edpio mant\u00e9m contato direto com os t\u00e9cnicos da empresa para estarem a par das situa\u00e7\u00f5es e cobram resolu\u00e7\u00e3o r\u00e1pida sempre que ocorr\u00eancias como essa s\u00e3o verificadas.<\/p>\n\n\n\n<p><strong>O que informa a Corsan<\/strong><br>Sobre a falta de \u00e1gua intensificada nos bairros nesta semana, a superintend\u00eancia de Rela\u00e7\u00f5es Institucionais da Corsan informou que ocorreram problemas em dois locais principais e que causaram o desabastecimento. O primeiro foi a falha no sistema de bombeamento da nova adutora que est\u00e1 em fase de testes, com a necessidade de retomada do abastecimento pelo sistema antigo, de menor capacidade. E, o segundo, o comprometimento de um registro de \u00e1gua na esquina das ruas Danton Corr\u00eaa da Silva e Rodolfo Schlieper, ap\u00f3s manobra para reduzir os danos da falha na adutora.<br>A Corsan tamb\u00e9m informou ao Munic\u00edpio que as equipes est\u00e3o trabalhando e empenhadas em colocar a nova adutora em funcionamento novamente, para a retomada do abastecimento, bem como consertar o registro no ponto em que houve o problema. Assim que os consertos forem conclu\u00eddos, o sistema ser\u00e1 religado, de acordo com a companhia.<\/p>\n\n\n\n<p><strong>Informa\u00e7\u00f5es e registro de falta de \u00e1gua<\/strong><br>Para mais informa\u00e7\u00f5es, a Corsan disponibilizou o telefone 0800 646 6444 e o WhatsApp (51) 99704-6644, pelos quais a popula\u00e7\u00e3o de Canela pode entrar em contato para esclarecimentos e registrar suas demandas.<\/p>\n\n\n\n<p>Texto: Adriana Rabassa\/Prefeitura de Canela<\/p>\n\n\n\n<p><\/p>\n","protected":false},"excerpt":{"rendered":"<p>A falta de \u00e1gua tem sido constatada por moradores em diversos bairros de Canela. Com isso, a Prefeitura Municipal, por meio das secretarias de Meio Ambiente e Urbanismo, de Obras, Limpeza Urbana e Agricultura, e de Seguran\u00e7a P\u00fablica, Mobilidade e Fiscaliza\u00e7\u00e3o, tem cobrado a resolu\u00e7\u00e3o do desabastecimento, notificando a Companhia Riograndense de Saneamento (Corsan).Em fun\u00e7\u00e3o [&hellip;]<\/p>\n","protected":false},"author":3,"featured_media":12504,"comment_status":"open","ping_status":"open","sticky":false,"template":"","format":"standard","meta":{"footnotes":""},"categories":[165,48,53],"tags":[],"class_list":["post-12503","post","type-post","status-publish","format-standard","has-post-thumbnail","hentry","category-fiscalizacao","category-post_meio-ambiente","category-post_obras"],"_links":{"self":[{"href":"https:\/\/canela.rs.gov.br\/sitenovo\/wp-json\/wp\/v2\/posts\/12503","targetHints":{"allow":["GET"]}}],"collection":[{"href":"https:\/\/canela.rs.gov.br\/sitenovo\/wp-json\/wp\/v2\/posts"}],"about":[{"href":"https:\/\/canela.rs.gov.br\/sitenovo\/wp-json\/wp\/v2\/types\/post"}],"author":[{"embeddable":true,"href":"https:\/\/canela.rs.gov.br\/sitenovo\/wp-json\/wp\/v2\/users\/3"}],"replies":[{"embeddable":true,"href":"https:\/\/canela.rs.gov.br\/sitenovo\/wp-json\/wp\/v2\/comments?post=12503"}],"version-history":[{"count":1,"href":"https:\/\/canela.rs.gov.br\/sitenovo\/wp-json\/wp\/v2\/posts\/12503\/revisions"}],"predecessor-version":[{"id":12505,"href":"https:\/\/canela.rs.gov.br\/sitenovo\/wp-json\/wp\/v2\/posts\/12503\/revisions\/12505"}],"wp:featuredmedia":[{"embeddable":true,"href":"https:\/\/canela.rs.gov.br\/sitenovo\/wp-json\/wp\/v2\/media\/12504"}],"wp:attachment":[{"href":"https:\/\/canela.rs.gov.br\/sitenovo\/wp-json\/wp\/v2\/media?parent=12503"}],"wp:term":[{"taxonomy":"category","embeddable":true,"href":"https:\/\/canela.rs.gov.br\/sitenovo\/wp-json\/wp\/v2\/categories?post=12503"},{"taxonomy":"post_tag","embeddable":true,"href":"https:\/\/canela.rs.gov.br\/sitenovo\/wp-json\/wp\/v2\/tags?post=12503"}],"curies":[{"name":"wp","href":"https:\/\/api.w.org\/{rel}","templated":true}]}}