{"id":12472,"date":"2026-01-21T16:52:08","date_gmt":"2026-01-21T19:52:08","guid":{"rendered":"https:\/\/canela.rs.gov.br\/sitenovo\/?p=12472"},"modified":"2026-01-21T16:52:41","modified_gmt":"2026-01-21T19:52:41","slug":"municipio-de-canela-conquista-emenda-parlamentar-de-r-100-mil-para-a-saude","status":"publish","type":"post","link":"https:\/\/canela.rs.gov.br\/sitenovo\/municipio-de-canela-conquista-emenda-parlamentar-de-r-100-mil-para-a-saude\/","title":{"rendered":"Munic\u00edpio de Canela conquista emenda parlamentar de R$ 100 mil para a Sa\u00fade"},"content":{"rendered":"\n<p>O Munic\u00edpio de Canela foi contemplado com uma emenda parlamentar no valor de R$ 100 mil, destinada ao custeio de servi\u00e7os na \u00e1rea da sa\u00fade. O recurso foi indicado pelo deputado estadual Joel Wilhelm, por meio de emenda ao Or\u00e7amento do Estado do Rio Grande do Sul para o exerc\u00edcio de 2026. A entrega oficial do documento ocorreu nesta quarta-feira, dia 21, quando o parlamentar esteve na Prefeitura e realizou a entrega da emenda ao prefeito Gilberto Cezar.<br>O chefe do Executivo Municipal adianta que os recursos ser\u00e3o utilizados para fortalecer a rede municipal de atendimento em sa\u00fade, contribuindo para a melhoria dos servi\u00e7os prestados \u00e0 popula\u00e7\u00e3o, bem como para a continuidade, a qualidade e a amplia\u00e7\u00e3o dos atendimentos oferecidos em Canela. \u201cEsse recurso chega em um momento importante e contribui diretamente para o custeio dos servi\u00e7os de sa\u00fade. \u00c1rea priorit\u00e1ria na nossa administra\u00e7\u00e3o.\u201d afirmou.<br>De acordo com o deputado, o investimento reconhece a import\u00e2ncia do custeio da sa\u00fade p\u00fablica e busca apoiar o Munic\u00edpio de Canela na manuten\u00e7\u00e3o e qualifica\u00e7\u00e3o dos servi\u00e7os essenciais \u00e0 comunidade.<\/p>\n\n\n\n<p>Foto: Julio Dias\/Prefeitura de Canela<\/p>\n\n\n\n<p><\/p>\n","protected":false},"excerpt":{"rendered":"<p>O Munic\u00edpio de Canela foi contemplado com uma emenda parlamentar no valor de R$ 100 mil, destinada ao custeio de servi\u00e7os na \u00e1rea da sa\u00fade. O recurso foi indicado pelo deputado estadual Joel Wilhelm, por meio de emenda ao Or\u00e7amento do Estado do Rio Grande do Sul para o exerc\u00edcio de 2026. A entrega oficial [&hellip;]<\/p>\n","protected":false},"author":3,"featured_media":12473,"comment_status":"open","ping_status":"open","sticky":false,"template":"","format":"standard","meta":{"footnotes":""},"categories":[144,38],"tags":[],"class_list":["post-12472","post","type-post","status-publish","format-standard","has-post-thumbnail","hentry","category-saude","category-post_gabinete-do-prefeito"],"_links":{"self":[{"href":"https:\/\/canela.rs.gov.br\/sitenovo\/wp-json\/wp\/v2\/posts\/12472","targetHints":{"allow":["GET"]}}],"collection":[{"href":"https:\/\/canela.rs.gov.br\/sitenovo\/wp-json\/wp\/v2\/posts"}],"about":[{"href":"https:\/\/canela.rs.gov.br\/sitenovo\/wp-json\/wp\/v2\/types\/post"}],"author":[{"embeddable":true,"href":"https:\/\/canela.rs.gov.br\/sitenovo\/wp-json\/wp\/v2\/users\/3"}],"replies":[{"embeddable":true,"href":"https:\/\/canela.rs.gov.br\/sitenovo\/wp-json\/wp\/v2\/comments?post=12472"}],"version-history":[{"count":1,"href":"https:\/\/canela.rs.gov.br\/sitenovo\/wp-json\/wp\/v2\/posts\/12472\/revisions"}],"predecessor-version":[{"id":12474,"href":"https:\/\/canela.rs.gov.br\/sitenovo\/wp-json\/wp\/v2\/posts\/12472\/revisions\/12474"}],"wp:featuredmedia":[{"embeddable":true,"href":"https:\/\/canela.rs.gov.br\/sitenovo\/wp-json\/wp\/v2\/media\/12473"}],"wp:attachment":[{"href":"https:\/\/canela.rs.gov.br\/sitenovo\/wp-json\/wp\/v2\/media?parent=12472"}],"wp:term":[{"taxonomy":"category","embeddable":true,"href":"https:\/\/canela.rs.gov.br\/sitenovo\/wp-json\/wp\/v2\/categories?post=12472"},{"taxonomy":"post_tag","embeddable":true,"href":"https:\/\/canela.rs.gov.br\/sitenovo\/wp-json\/wp\/v2\/tags?post=12472"}],"curies":[{"name":"wp","href":"https:\/\/api.w.org\/{rel}","templated":true}]}}