{"id":12448,"date":"2026-01-21T15:58:02","date_gmt":"2026-01-21T18:58:02","guid":{"rendered":"https:\/\/canela.rs.gov.br\/sitenovo\/?p=12448"},"modified":"2026-01-21T16:07:27","modified_gmt":"2026-01-21T19:07:27","slug":"programa-da-ubs-leodoro-azevedo-convida-comunidade-para-caminhada-no-parque-do-lago","status":"publish","type":"post","link":"https:\/\/canela.rs.gov.br\/sitenovo\/programa-da-ubs-leodoro-azevedo-convida-comunidade-para-caminhada-no-parque-do-lago\/","title":{"rendered":"Programa da UBS Leodoro Azevedo convida comunidade para caminhada no Parque do Lago"},"content":{"rendered":"\n<p>No dia 27 de janeiro, pr\u00f3xima ter\u00e7a-feira, o programa de treinamento f\u00edsico da Unidade B\u00e1sica de Sa\u00fade do bairro Leodoro Azevedo realizar\u00e1 uma caminhada no Parque do Lago, com sa\u00edda \u00e0s 8h30 da frente do posto &#8211; na rua Tio Elias, 385. Toda a comunidade canelense \u00e9 convidada a participar.<\/p>\n\n\n\n<p>Um dos coordenadores do programa, Alexandre Lazzarotto, informa que antes da caminhada haver\u00e1 exerc\u00edcio de alongamento, com a finalidade de que os participantes evitem les\u00f5es durante a pr\u00e1tica.<\/p>\n\n\n\n<p>Para participar da atividade f\u00edsica, a recomenda\u00e7\u00e3o \u00e9 utilizar roupa e cal\u00e7ado confort\u00e1vel, protetor solar e levar consigo uma garrafinha com \u00e1gua para hidrata\u00e7\u00e3o. Mais informa\u00e7\u00f5es sobre a caminhada podem ser conferidas diretamente no posto de sa\u00fade ou pelo telefone (54) 3282-5117.<\/p>\n\n\n\n<p>Texto: Adriana Rabassa\/Prefeitura de Canela<\/p>\n\n\n\n<p><\/p>\n","protected":false},"excerpt":{"rendered":"<p>No dia 27 de janeiro, pr\u00f3xima ter\u00e7a-feira, o programa de treinamento f\u00edsico da Unidade B\u00e1sica de Sa\u00fade do bairro Leodoro Azevedo realizar\u00e1 uma caminhada no Parque do Lago, com sa\u00edda \u00e0s 8h30 da frente do posto &#8211; na rua Tio Elias, 385. Toda a comunidade canelense \u00e9 convidada a participar. Um dos coordenadores do programa, [&hellip;]<\/p>\n","protected":false},"author":3,"featured_media":12449,"comment_status":"open","ping_status":"open","sticky":false,"template":"","format":"standard","meta":{"footnotes":""},"categories":[144],"tags":[],"class_list":["post-12448","post","type-post","status-publish","format-standard","has-post-thumbnail","hentry","category-saude"],"_links":{"self":[{"href":"https:\/\/canela.rs.gov.br\/sitenovo\/wp-json\/wp\/v2\/posts\/12448","targetHints":{"allow":["GET"]}}],"collection":[{"href":"https:\/\/canela.rs.gov.br\/sitenovo\/wp-json\/wp\/v2\/posts"}],"about":[{"href":"https:\/\/canela.rs.gov.br\/sitenovo\/wp-json\/wp\/v2\/types\/post"}],"author":[{"embeddable":true,"href":"https:\/\/canela.rs.gov.br\/sitenovo\/wp-json\/wp\/v2\/users\/3"}],"replies":[{"embeddable":true,"href":"https:\/\/canela.rs.gov.br\/sitenovo\/wp-json\/wp\/v2\/comments?post=12448"}],"version-history":[{"count":1,"href":"https:\/\/canela.rs.gov.br\/sitenovo\/wp-json\/wp\/v2\/posts\/12448\/revisions"}],"predecessor-version":[{"id":12450,"href":"https:\/\/canela.rs.gov.br\/sitenovo\/wp-json\/wp\/v2\/posts\/12448\/revisions\/12450"}],"wp:featuredmedia":[{"embeddable":true,"href":"https:\/\/canela.rs.gov.br\/sitenovo\/wp-json\/wp\/v2\/media\/12449"}],"wp:attachment":[{"href":"https:\/\/canela.rs.gov.br\/sitenovo\/wp-json\/wp\/v2\/media?parent=12448"}],"wp:term":[{"taxonomy":"category","embeddable":true,"href":"https:\/\/canela.rs.gov.br\/sitenovo\/wp-json\/wp\/v2\/categories?post=12448"},{"taxonomy":"post_tag","embeddable":true,"href":"https:\/\/canela.rs.gov.br\/sitenovo\/wp-json\/wp\/v2\/tags?post=12448"}],"curies":[{"name":"wp","href":"https:\/\/api.w.org\/{rel}","templated":true}]}}