{"id":12429,"date":"2026-01-19T10:57:20","date_gmt":"2026-01-19T13:57:20","guid":{"rendered":"https:\/\/canela.rs.gov.br\/sitenovo\/?p=12429"},"modified":"2026-01-19T10:57:21","modified_gmt":"2026-01-19T13:57:21","slug":"vigilancia-ambiental-de-canela-promove-reunioes-sobre-o-controle-do-borrachudo-no-interior","status":"publish","type":"post","link":"https:\/\/canela.rs.gov.br\/sitenovo\/vigilancia-ambiental-de-canela-promove-reunioes-sobre-o-controle-do-borrachudo-no-interior\/","title":{"rendered":"Vigil\u00e2ncia Ambiental de Canela promove reuni\u00f5es \u00a0sobre o controle do borrachudo no interior"},"content":{"rendered":"\n<p>O Departamento de Vigil\u00e2ncia Ambiental em Sa\u00fade, da Secretaria Municipal de Sa\u00fade de Canela, em parceria com o Sindicato dos Trabalhadores Rurais e a Emater, est\u00e1 promovendo reuni\u00f5es no interior do munic\u00edpio para orientar a popula\u00e7\u00e3o sobre o controle de simul\u00eddeos, insetos popularmente conhecidos como borrachudos. Na sexta-feira, dia 16, a a\u00e7\u00e3o foi realizada na localidade de Morro Cal\u00e7ado, reunindo moradores para o repasse de informa\u00e7\u00f5es e esclarecimentos sobre as medidas adotadas.<\/p>\n\n\n\n<p>De acordo com o bi\u00f3logo F\u00e1bio Moura, coordenador da Vigil\u00e2ncia Ambiental, uma das principais estrat\u00e9gias de controle consiste na aplica\u00e7\u00e3o de larvicidas do tipo BTI (<em>Bacillus thuringiensis israelensis)<\/em>. Ele ressalta que o produto j\u00e1 \u00e9 aplicado de forma rotineira em pontos do Arroio do Caracol, abrangendo alguns bairros da \u00e1rea urbana e parte da zona rural. Desde o in\u00edcio de 2026, a aplica\u00e7\u00e3o do BTI tamb\u00e9m foi intensificada em arroios e pontos estrat\u00e9gicos do interior, contemplando as localidades de Linha S\u00e3o Paulo, Morro Cal\u00e7ado, S\u00e3o Jo\u00e3o, Chapad\u00e3o, Canastra e Amoreiras.<\/p>\n\n\n\n<p>Com o objetivo de alinhar e fortalecer as a\u00e7\u00f5es de combate \u00e0 prolifera\u00e7\u00e3o do borrachudo, o Departamento de Vigil\u00e2ncia Ambiental realizar\u00e1 novas reuni\u00f5es ao longo do m\u00eas de janeiro, em conjunto com o Sindicato dos Trabalhadores Rurais e a Emater. As atividades visam capacitar os produtores rurais para a correta aplica\u00e7\u00e3o do BTI em suas propriedades, al\u00e9m de orientar sobre a manuten\u00e7\u00e3o dos arroios e a preserva\u00e7\u00e3o da qualidade ambiental na zona rural de Canela.<\/p>\n\n\n\n<p>As pr\u00f3ximas a\u00e7\u00f5es est\u00e3o previstas para as localidades de Linha S\u00e3o Paulo e Chapad\u00e3o, nos dias 22 e 28 de janeiro, respectivamente.<\/p>\n\n\n\n<p><\/p>\n","protected":false},"excerpt":{"rendered":"<p>O Departamento de Vigil\u00e2ncia Ambiental em Sa\u00fade, da Secretaria Municipal de Sa\u00fade de Canela, em parceria com o Sindicato dos Trabalhadores Rurais e a Emater, est\u00e1 promovendo reuni\u00f5es no interior do munic\u00edpio para orientar a popula\u00e7\u00e3o sobre o controle de simul\u00eddeos, insetos popularmente conhecidos como borrachudos. Na sexta-feira, dia 16, a a\u00e7\u00e3o foi realizada na [&hellip;]<\/p>\n","protected":false},"author":3,"featured_media":12430,"comment_status":"open","ping_status":"open","sticky":false,"template":"","format":"standard","meta":{"footnotes":""},"categories":[144],"tags":[],"class_list":["post-12429","post","type-post","status-publish","format-standard","has-post-thumbnail","hentry","category-saude"],"_links":{"self":[{"href":"https:\/\/canela.rs.gov.br\/sitenovo\/wp-json\/wp\/v2\/posts\/12429","targetHints":{"allow":["GET"]}}],"collection":[{"href":"https:\/\/canela.rs.gov.br\/sitenovo\/wp-json\/wp\/v2\/posts"}],"about":[{"href":"https:\/\/canela.rs.gov.br\/sitenovo\/wp-json\/wp\/v2\/types\/post"}],"author":[{"embeddable":true,"href":"https:\/\/canela.rs.gov.br\/sitenovo\/wp-json\/wp\/v2\/users\/3"}],"replies":[{"embeddable":true,"href":"https:\/\/canela.rs.gov.br\/sitenovo\/wp-json\/wp\/v2\/comments?post=12429"}],"version-history":[{"count":1,"href":"https:\/\/canela.rs.gov.br\/sitenovo\/wp-json\/wp\/v2\/posts\/12429\/revisions"}],"predecessor-version":[{"id":12431,"href":"https:\/\/canela.rs.gov.br\/sitenovo\/wp-json\/wp\/v2\/posts\/12429\/revisions\/12431"}],"wp:featuredmedia":[{"embeddable":true,"href":"https:\/\/canela.rs.gov.br\/sitenovo\/wp-json\/wp\/v2\/media\/12430"}],"wp:attachment":[{"href":"https:\/\/canela.rs.gov.br\/sitenovo\/wp-json\/wp\/v2\/media?parent=12429"}],"wp:term":[{"taxonomy":"category","embeddable":true,"href":"https:\/\/canela.rs.gov.br\/sitenovo\/wp-json\/wp\/v2\/categories?post=12429"},{"taxonomy":"post_tag","embeddable":true,"href":"https:\/\/canela.rs.gov.br\/sitenovo\/wp-json\/wp\/v2\/tags?post=12429"}],"curies":[{"name":"wp","href":"https:\/\/api.w.org\/{rel}","templated":true}]}}