{"id":12339,"date":"2026-01-12T16:51:27","date_gmt":"2026-01-12T19:51:27","guid":{"rendered":"https:\/\/canela.rs.gov.br\/sitenovo\/?p=12339"},"modified":"2026-01-21T16:12:13","modified_gmt":"2026-01-21T19:12:13","slug":"vacina-contra-a-bronquiolite-para-gestantes-esta-disponivel-nos-postos-de-canela","status":"publish","type":"post","link":"https:\/\/canela.rs.gov.br\/sitenovo\/vacina-contra-a-bronquiolite-para-gestantes-esta-disponivel-nos-postos-de-canela\/","title":{"rendered":"Vacina contra a bronquiolite para gestantes est\u00e1 dispon\u00edvel nos postos de Canela"},"content":{"rendered":"\n<p>Ap\u00f3s a disponibiliza\u00e7\u00e3o da vacina contra o v\u00edrus sincicial respirat\u00f3rio (VSR) pelo Sistema \u00danico de Sa\u00fade (SUS), destinado \u00e0s gestantes, a Secretaria Municipal de Sa\u00fade de Canela informa que o imunizante est\u00e1 sendo aplicado em todas as salas de vacina das Unidades B\u00e1sicas de Sa\u00fade (UBSs) da cidade. A vacina \u00e9 destinada \u00e0s gr\u00e1vidas a partir da 28\u00aa semana de gesta\u00e7\u00e3o e tem o objetivo de proteger os rec\u00e9m-nascidos at\u00e9 os seis meses de vida contra a bronquiolite &#8211; uma das principais causas de morte entre beb\u00eas e maior respons\u00e1vel pela hospitaliza\u00e7\u00e3o deles no Brasil, de acordo com o Minist\u00e9rio da Sa\u00fade.<br>De acordo com a coordenadora da Vigil\u00e2ncia Epidemiol\u00f3gica de Canela, Magali Cavinato, vacinar as gestantes \u00e9 uma estrat\u00e9gia importante para que os beb\u00eas nas\u00e7am imunizados contra a bronquiolite, evitando casos graves da doen\u00e7a na primeir\u00edssima inf\u00e2ncia (at\u00e9 os 3 anos de idade). \u201cA aplica\u00e7\u00e3o \u00e9 feita em dose \u00fanica, gratuitamente pelo SUS, a partir das 28 semanas de gesta\u00e7\u00e3o\u201d, destaca a enfermeira.<br>As salas de vacina\u00e7\u00e3o das UBSs atendem ao p\u00fablico de segunda a sexta-feira, das 7h30 \u00e0s 11h30 e das 13h \u00e0s 16h. Para receber a dose, a gr\u00e1vida deve apresentar a carteira de vacinas e de gestante, al\u00e9m de um documento de identidade.<\/p>\n\n\n\n<p>Texto: Adriana Rabassa\/Prefeitura de Canela<\/p>\n\n\n\n<p><\/p>\n\n\n\n<p><\/p>\n","protected":false},"excerpt":{"rendered":"<p>Ap\u00f3s a disponibiliza\u00e7\u00e3o da vacina contra o v\u00edrus sincicial respirat\u00f3rio (VSR) pelo Sistema \u00danico de Sa\u00fade (SUS), destinado \u00e0s gestantes, a Secretaria Municipal de Sa\u00fade de Canela informa que o imunizante est\u00e1 sendo aplicado em todas as salas de vacina das Unidades B\u00e1sicas de Sa\u00fade (UBSs) da cidade. A vacina \u00e9 destinada \u00e0s gr\u00e1vidas a [&hellip;]<\/p>\n","protected":false},"author":3,"featured_media":12340,"comment_status":"open","ping_status":"open","sticky":false,"template":"","format":"standard","meta":{"footnotes":""},"categories":[144],"tags":[],"class_list":["post-12339","post","type-post","status-publish","format-standard","has-post-thumbnail","hentry","category-saude"],"_links":{"self":[{"href":"https:\/\/canela.rs.gov.br\/sitenovo\/wp-json\/wp\/v2\/posts\/12339","targetHints":{"allow":["GET"]}}],"collection":[{"href":"https:\/\/canela.rs.gov.br\/sitenovo\/wp-json\/wp\/v2\/posts"}],"about":[{"href":"https:\/\/canela.rs.gov.br\/sitenovo\/wp-json\/wp\/v2\/types\/post"}],"author":[{"embeddable":true,"href":"https:\/\/canela.rs.gov.br\/sitenovo\/wp-json\/wp\/v2\/users\/3"}],"replies":[{"embeddable":true,"href":"https:\/\/canela.rs.gov.br\/sitenovo\/wp-json\/wp\/v2\/comments?post=12339"}],"version-history":[{"count":2,"href":"https:\/\/canela.rs.gov.br\/sitenovo\/wp-json\/wp\/v2\/posts\/12339\/revisions"}],"predecessor-version":[{"id":12458,"href":"https:\/\/canela.rs.gov.br\/sitenovo\/wp-json\/wp\/v2\/posts\/12339\/revisions\/12458"}],"wp:featuredmedia":[{"embeddable":true,"href":"https:\/\/canela.rs.gov.br\/sitenovo\/wp-json\/wp\/v2\/media\/12340"}],"wp:attachment":[{"href":"https:\/\/canela.rs.gov.br\/sitenovo\/wp-json\/wp\/v2\/media?parent=12339"}],"wp:term":[{"taxonomy":"category","embeddable":true,"href":"https:\/\/canela.rs.gov.br\/sitenovo\/wp-json\/wp\/v2\/categories?post=12339"},{"taxonomy":"post_tag","embeddable":true,"href":"https:\/\/canela.rs.gov.br\/sitenovo\/wp-json\/wp\/v2\/tags?post=12339"}],"curies":[{"name":"wp","href":"https:\/\/api.w.org\/{rel}","templated":true}]}}