{"id":12335,"date":"2026-01-12T16:43:42","date_gmt":"2026-01-12T19:43:42","guid":{"rendered":"https:\/\/canela.rs.gov.br\/sitenovo\/?p=12335"},"modified":"2026-01-13T16:08:46","modified_gmt":"2026-01-13T19:08:46","slug":"12335-2","status":"publish","type":"post","link":"https:\/\/canela.rs.gov.br\/sitenovo\/12335-2\/","title":{"rendered":"Academia Municipal promove caminhadas orientadas no Parque do Pal\u00e1cio, em Canela"},"content":{"rendered":"\n<p>Com o objetivo de incentivar h\u00e1bitos saud\u00e1veis e proporcionar mais sa\u00fade e qualidade de vida aos usu\u00e1rios, a Academia Municipal iniciou no dia 6 de janeiro, o projeto \u201cCaminhada pela Vida\u201d, realizado no Parque do Pal\u00e1cio. O projeto consiste em uma atividade extra, voltada \u00e0 promo\u00e7\u00e3o da sa\u00fade, ao est\u00edmulo da pr\u00e1tica regular de exerc\u00edcios f\u00edsicos e ao fortalecimento da conviv\u00eancia entre os frequentadores da academia e convidados. A pr\u00f3xima caminhada acontecer\u00e1 nesta quarta-feira, dia 14 de janeiro.<br>De acordo com a coordenadora respons\u00e1vel pela Academia Municipal, Carolina de Souza Pinto, que realiza o projeto em parceria com o professor Alexandre Lazzarotto, a proposta \u00e9 que a\u00e7\u00f5es como essa se tornem fixas durante o per\u00edodo do ver\u00e3o, promovendo tamb\u00e9m outros eventos semelhantes ao longo do ano. As caminhadas orientadas ocorrem semanalmente at\u00e9 o dia 24 de mar\u00e7o, sempre em dias alternados da semana, de segunda a quinta-feira, com sa\u00edda da Academia Municipal a partir das 16 horas, aberta a toda comunidade.<\/p>\n\n\n\n<p><strong>Atendimento<\/strong><br>As atividades regulares da Academia Municipal seguem acontecendo normalmente durante o per\u00edodo do projeto. Atualmente, o espa\u00e7o atende pessoas com idades entre 12 e 90 anos, encaminhadas por profissionais de sa\u00fade do Sistema \u00danico de Sa\u00fade (SUS).<br>Conforme levantamento realizado pelos profissionais, a maior parte dos atendimentos \u00e9 direcionada a pessoas com doen\u00e7as cr\u00f4nicas como hipertens\u00e3o arterial sist\u00eamica, ansiedade e depress\u00e3o. Os treinos s\u00e3o individualizados e realizados duas vezes por semana, em dias alternados.<br>A Academia Municipal est\u00e1 localizada na Rua Leopoldo Prux, n\u00ba 14. Mais informa\u00e7\u00f5es podem ser obtidas pelo telefone (54) 3282-5108 ou pelo WhatsApp (54) 9 9125-8462.<br>O hor\u00e1rio de funcionamento \u00e9 de segunda a quinta-feira, das 8h \u00e0s 11h30 e das 13h30 \u00e0s 18h e nas sextas das 8h ao meio-dia e das 13h \u00e0s 17h.<\/p>\n\n\n\n<p><\/p>\n\n\n\n<p><\/p>\n","protected":false},"excerpt":{"rendered":"<p>Com o objetivo de incentivar h\u00e1bitos saud\u00e1veis e proporcionar mais sa\u00fade e qualidade de vida aos usu\u00e1rios, a Academia Municipal iniciou no dia 6 de janeiro, o projeto \u201cCaminhada pela Vida\u201d, realizado no Parque do Pal\u00e1cio. O projeto consiste em uma atividade extra, voltada \u00e0 promo\u00e7\u00e3o da sa\u00fade, ao est\u00edmulo da pr\u00e1tica regular de exerc\u00edcios [&hellip;]<\/p>\n","protected":false},"author":3,"featured_media":12336,"comment_status":"open","ping_status":"open","sticky":false,"template":"","format":"standard","meta":{"footnotes":""},"categories":[144],"tags":[],"class_list":["post-12335","post","type-post","status-publish","format-standard","has-post-thumbnail","hentry","category-saude"],"_links":{"self":[{"href":"https:\/\/canela.rs.gov.br\/sitenovo\/wp-json\/wp\/v2\/posts\/12335","targetHints":{"allow":["GET"]}}],"collection":[{"href":"https:\/\/canela.rs.gov.br\/sitenovo\/wp-json\/wp\/v2\/posts"}],"about":[{"href":"https:\/\/canela.rs.gov.br\/sitenovo\/wp-json\/wp\/v2\/types\/post"}],"author":[{"embeddable":true,"href":"https:\/\/canela.rs.gov.br\/sitenovo\/wp-json\/wp\/v2\/users\/3"}],"replies":[{"embeddable":true,"href":"https:\/\/canela.rs.gov.br\/sitenovo\/wp-json\/wp\/v2\/comments?post=12335"}],"version-history":[{"count":3,"href":"https:\/\/canela.rs.gov.br\/sitenovo\/wp-json\/wp\/v2\/posts\/12335\/revisions"}],"predecessor-version":[{"id":12359,"href":"https:\/\/canela.rs.gov.br\/sitenovo\/wp-json\/wp\/v2\/posts\/12335\/revisions\/12359"}],"wp:featuredmedia":[{"embeddable":true,"href":"https:\/\/canela.rs.gov.br\/sitenovo\/wp-json\/wp\/v2\/media\/12336"}],"wp:attachment":[{"href":"https:\/\/canela.rs.gov.br\/sitenovo\/wp-json\/wp\/v2\/media?parent=12335"}],"wp:term":[{"taxonomy":"category","embeddable":true,"href":"https:\/\/canela.rs.gov.br\/sitenovo\/wp-json\/wp\/v2\/categories?post=12335"},{"taxonomy":"post_tag","embeddable":true,"href":"https:\/\/canela.rs.gov.br\/sitenovo\/wp-json\/wp\/v2\/tags?post=12335"}],"curies":[{"name":"wp","href":"https:\/\/api.w.org\/{rel}","templated":true}]}}