{"id":12323,"date":"2026-01-09T10:50:21","date_gmt":"2026-01-09T13:50:21","guid":{"rendered":"https:\/\/canela.rs.gov.br\/sitenovo\/?p=12323"},"modified":"2026-01-21T16:12:45","modified_gmt":"2026-01-21T19:12:45","slug":"prefeito-de-canela-recebe-confirmacao-de-recursos-do-estado-para-o-centro-de-parto-normal-do-hcc","status":"publish","type":"post","link":"https:\/\/canela.rs.gov.br\/sitenovo\/prefeito-de-canela-recebe-confirmacao-de-recursos-do-estado-para-o-centro-de-parto-normal-do-hcc\/","title":{"rendered":"Prefeito de Canela recebe confirma\u00e7\u00e3o de recursos do Estado para o Centro de Parto Normal do HCC"},"content":{"rendered":"\n<p>Os recursos destinados a Canela atrav\u00e9s do programa Avan\u00e7ar na Sa\u00fade, do Governo do Estado, para uso na instala\u00e7\u00e3o do Centro de Parto Normal do Hospital de Caridade de Canela (HCC), foram confirmados durante reuni\u00e3o do prefeito Gilberto Cezar com a secret\u00e1ria estadual da Sa\u00fade, Arita Bergmann, nesta quarta-feira, dia 7, em Porto Alegre. O munic\u00edpio receber\u00e1 R$ 1,9 milh\u00e3o para a finaliza\u00e7\u00e3o do pr\u00e9dio que abrigar\u00e1 o servi\u00e7o.<br>No encontro, o prefeito Gilberto Cezar destacou a import\u00e2ncia da libera\u00e7\u00e3o dos valores para a continuidade das obras do novo Centro de Parto Normal do HCC que, quando ficar pronto, liberar\u00e1 a \u00e1rea do pr\u00e9dio principal onde poder\u00e3o ser instalados entre 10 e 12 leitos destinados a pacientes de sa\u00fade mental. \u201cDiscutimos, entre outras quest\u00f5es, a situa\u00e7\u00e3o do Hospital de Caridade e a necessidade de leitos de sa\u00fade mental em Canela, estes que poder\u00e3o ser refer\u00eancia para a Regi\u00e3o das Hort\u00eansias, que hoje tem contratados leitos em Caxias do Sul\u201d, esclarece o gestor.<br>O prefeito tamb\u00e9m destacou que a secret\u00e1ria Arita foi sol\u00edcita \u00e0s necessidades apresentadas pelo Munic\u00edpio e sinalizou a libera\u00e7\u00e3o dos recursos garantidos por meio do Avan\u00e7ar na Sa\u00fade com agilidade. \u201cCom isso, poderemos dar continuidade \u00e0s reformas no HCC para 2026. \u00c9 mais uma conquista da nossa comunidade e esperamos assinar esse conv\u00eanio ainda este m\u00eas\u201d, comemora. Ainda segundo o prefeito, a administra\u00e7\u00e3o municipal apresentar\u00e1, em breve, projeto de leitos psiqui\u00e1tricos, com novo pedido de recursos para obras visando aumentar a produtividade da casa de sa\u00fade.<br>De acordo com o secret\u00e1rio de Sa\u00fade de Canela, Jean Spall, que acompanhou o prefeito durante o an\u00fancio na capital, a estrutura que abrigar\u00e1 o Centro de Parto Normal, ser\u00e1 uma ala moderna e adequada \u00e0s necessidades das gestantes e rec\u00e9m-nascidos. Dever\u00e1 servir, inclusive, como refer\u00eancia regional.<\/p>\n\n\n\n<p><strong>Leitos de sa\u00fade mental<\/strong><br>Atualmente as cidades da regi\u00e3o t\u00eam contratualizados 60 leitos de sa\u00fade mental atrav\u00e9s do SUS em hospitais de Caxias do Sul. Quando a maternidade do HCC ocupar a nova estrutura, os espa\u00e7os antes utilizados para nascimentos ser\u00e3o remodelados para abrigar uma ala destinada ao tratamento de pessoas com doen\u00e7as mentais.<\/p>\n\n\n\n<p>Texto: Adriana Rabassa\/Prefeitura de Canela<\/p>\n","protected":false},"excerpt":{"rendered":"<p>Os recursos destinados a Canela atrav\u00e9s do programa Avan\u00e7ar na Sa\u00fade, do Governo do Estado, para uso na instala\u00e7\u00e3o do Centro de Parto Normal do Hospital de Caridade de Canela (HCC), foram confirmados durante reuni\u00e3o do prefeito Gilberto Cezar com a secret\u00e1ria estadual da Sa\u00fade, Arita Bergmann, nesta quarta-feira, dia 7, em Porto Alegre. O [&hellip;]<\/p>\n","protected":false},"author":3,"featured_media":12324,"comment_status":"open","ping_status":"open","sticky":false,"template":"","format":"standard","meta":{"footnotes":""},"categories":[144,164],"tags":[],"class_list":["post-12323","post","type-post","status-publish","format-standard","has-post-thumbnail","hentry","category-saude","category-destaque"],"_links":{"self":[{"href":"https:\/\/canela.rs.gov.br\/sitenovo\/wp-json\/wp\/v2\/posts\/12323","targetHints":{"allow":["GET"]}}],"collection":[{"href":"https:\/\/canela.rs.gov.br\/sitenovo\/wp-json\/wp\/v2\/posts"}],"about":[{"href":"https:\/\/canela.rs.gov.br\/sitenovo\/wp-json\/wp\/v2\/types\/post"}],"author":[{"embeddable":true,"href":"https:\/\/canela.rs.gov.br\/sitenovo\/wp-json\/wp\/v2\/users\/3"}],"replies":[{"embeddable":true,"href":"https:\/\/canela.rs.gov.br\/sitenovo\/wp-json\/wp\/v2\/comments?post=12323"}],"version-history":[{"count":2,"href":"https:\/\/canela.rs.gov.br\/sitenovo\/wp-json\/wp\/v2\/posts\/12323\/revisions"}],"predecessor-version":[{"id":12460,"href":"https:\/\/canela.rs.gov.br\/sitenovo\/wp-json\/wp\/v2\/posts\/12323\/revisions\/12460"}],"wp:featuredmedia":[{"embeddable":true,"href":"https:\/\/canela.rs.gov.br\/sitenovo\/wp-json\/wp\/v2\/media\/12324"}],"wp:attachment":[{"href":"https:\/\/canela.rs.gov.br\/sitenovo\/wp-json\/wp\/v2\/media?parent=12323"}],"wp:term":[{"taxonomy":"category","embeddable":true,"href":"https:\/\/canela.rs.gov.br\/sitenovo\/wp-json\/wp\/v2\/categories?post=12323"},{"taxonomy":"post_tag","embeddable":true,"href":"https:\/\/canela.rs.gov.br\/sitenovo\/wp-json\/wp\/v2\/tags?post=12323"}],"curies":[{"name":"wp","href":"https:\/\/api.w.org\/{rel}","templated":true}]}}