{"id":12241,"date":"2025-12-23T10:41:39","date_gmt":"2025-12-23T13:41:39","guid":{"rendered":"https:\/\/canela.rs.gov.br\/sitenovo\/?p=12241"},"modified":"2025-12-29T06:22:07","modified_gmt":"2025-12-29T09:22:07","slug":"12241-2","status":"publish","type":"post","link":"https:\/\/canela.rs.gov.br\/sitenovo\/12241-2\/","title":{"rendered":"Christmas in Concert, ABBA &amp; Elvis e Grupo Rodeio s\u00e3o destaques da programa\u00e7\u00e3o do Sonho de Natal de Canela"},"content":{"rendered":"\n<p>Passar o Natal em Canela \u00e9 garantia de magia, arte e cultura. Nesta semana, a programa\u00e7\u00e3o do 38\u00ba Sonho de Natal est\u00e1 repleta de atra\u00e7\u00f5es natalinas. Al\u00e9m dos tradicionais desfiles tem\u00e1ticos da Paradinha de Natal e do espet\u00e1culo da Descida do Papai Noel da Catedral, o evento contar\u00e1 com shows \u00fanicos como o Christmas in Concert, ABBA &amp; Elvis e a apresenta\u00e7\u00e3o comemorativa do Grupo Rodeio no anivers\u00e1rio do munic\u00edpio.<\/p>\n\n\n\n<p>Christmas in Concert<br>Na quinta-feira, dia 25 de dezembro, \u00e0s 20 horas, o espet\u00e1culo Christmas in Concert promete encantar o p\u00fablico com uma apresenta\u00e7\u00e3o sofisticada e envolvente. O show mant\u00e9m sua elegante e cl\u00e1ssica forma\u00e7\u00e3o de big band, com trio de guitarra, baixo e bateria, al\u00e9m de teclado e naipes de sopro.<br>As can\u00e7\u00f5es natalinas ganham uma roupagem arrojada e empolgante, transitando pela era de ouro do jazz, do pop, do soul e do funk americano, proporcionando ao p\u00fablico a sensa\u00e7\u00e3o de assistir a um musical de n\u00edvel internacional. A apresenta\u00e7\u00e3o conta ainda com um tradicional corpo de ballet, que interpretar\u00e1 coreografias criadas exclusivamente para o espet\u00e1culo, integrando perfeitamente a proposta musical \u00e0 magia do Natal.<\/p>\n\n\n\n<p>ABBA &amp; Elvis<br>No s\u00e1bado, dia 27, ser\u00e1 a vez da banda argentina Los Kalas, com 25 anos de carreira e apresenta\u00e7\u00f5es em diversos pa\u00edses da Am\u00e9rica Latina, subir ao palco com o espet\u00e1culo ABBA &amp; Elvis. O show \u00e9 um duplo tributo vibrante que celebra dois \u00edcones da hist\u00f3ria da m\u00fasica em uma \u00fanica apresenta\u00e7\u00e3o.<br>Reconhecido como um dos tributos mais completos e fidedignos das Am\u00e9ricas, o espet\u00e1culo convida o p\u00fablico a uma viagem nost\u00e1lgica pela energia e pelo brilho dos anos 50, 60 e 70. A apresenta\u00e7\u00e3o contar\u00e1 com cl\u00e1ssicos marcantes de Agnetha F\u00e4ltskog, Anni-Frid Lyngstad, Bj\u00f6rn Ulvaeus e Benny Andersson, al\u00e9m de figurinos e coreografias que recriam, com harmonia vocal e instrumental, o estilo original do grupo sueco. O show acontece \u00e0s 20h, no Multipalco da Pra\u00e7a Jo\u00e3o Corr\u00eaa.<\/p>\n\n\n\n<p>Grupo Rodeio no anivers\u00e1rio de Canela<br>Encerrando os destaques da programa\u00e7\u00e3o, no domingo, dia 28, data em que Canela celebra seus 81 anos, acontece o show comemorativo do Grupo Rodeio, a partir das 20h, no Multipalco da Pra\u00e7a Jo\u00e3o Corr\u00eaa.<br>Com mais de 40 anos de trajet\u00f3ria, o conjunto promete contagiar visitantes e canelenses com m\u00fasicas atuais e tamb\u00e9m com grandes sucessos do repert\u00f3rio nativista, como \u201cGritos de Liberdade\u201d e \u201cIguaria Campeira\u201d.<\/p>\n\n\n\n<p>PATROCINADORES<br>O 38\u00ba Sonho de Natal de Canela \u00e9 apresentado por Minist\u00e9rio da Cultura, Secretaria de Estado da Cultura e Prefeitura de Canela. Lei de Incentivo \u00e0 Cultura \u2013 Lei Rouanet. Patroc\u00ednio: Havan e Governo do Estado do Rio Grande do Sul \u2013 O futuro nos une. Colabora\u00e7\u00e3o: Farm\u00e1cias S\u00e3o Jo\u00e3o, Sulg\u00e1s, Space Adventure e Sicredi Pioneira. Parceria: Alpen Park, Cooperativa de Cr\u00e9dito Cresol, Cervejaria Farol, Cervejaria Viking Bier, Corsan, Tintas Coral \u2013 Outlet das Tintas, Parque Bondinhos Canela, Parque Terra M\u00e1gica Florybal, Pomp\u00e9ia Pryme, Roda Canela e Skyglass. Apoio Especial: Parque do Caracol. Apoio Institucional: Associa\u00e7\u00e3o Comercial Industrial de Canela \u2013 ACIC. Agente Cultural: AM Produ\u00e7\u00f5es. Financiamento: Pr\u00f3-Cultura | Secretaria da Cultura RS Governo do Estado do Rio Grande do Sul. Realiza\u00e7\u00e3o: Prefeitura de Canela, Minist\u00e9rio da Cultura e Governo Federal \u2013 Brasil, do lado do povo brasileiro.<\/p>\n\n\n\n<p>Programa\u00e7\u00e3o completa no site&nbsp;<a href=\"http:\/\/sonhodenatal.com.br\/\" rel=\"noreferrer noopener\" target=\"_blank\">sonhodenatal.com.br<\/a><br>Instagram:&nbsp;<a href=\"https:\/\/www.instagram.com\/sonhodenataloficial\/\" rel=\"noreferrer noopener\" target=\"_blank\">@sonhodenataloficial<\/a><br>Facebook:&nbsp;<a href=\"http:\/\/www.facebook.com\/sonhodenataldecanela\" rel=\"noreferrer noopener\" target=\"_blank\">www.facebook.com\/sonhodenataldecanela<\/a><\/p>\n","protected":false},"excerpt":{"rendered":"<p>Passar o Natal em Canela \u00e9 garantia de magia, arte e cultura. Nesta semana, a programa\u00e7\u00e3o do 38\u00ba Sonho de Natal est\u00e1 repleta de atra\u00e7\u00f5es natalinas. Al\u00e9m dos tradicionais desfiles tem\u00e1ticos da Paradinha de Natal e do espet\u00e1culo da Descida do Papai Noel da Catedral, o evento contar\u00e1 com shows \u00fanicos como o Christmas in [&hellip;]<\/p>\n","protected":false},"author":3,"featured_media":12243,"comment_status":"open","ping_status":"open","sticky":false,"template":"","format":"standard","meta":{"footnotes":""},"categories":[55],"tags":[],"class_list":["post-12241","post","type-post","status-publish","format-standard","has-post-thumbnail","hentry","category-post_turismo"],"_links":{"self":[{"href":"https:\/\/canela.rs.gov.br\/sitenovo\/wp-json\/wp\/v2\/posts\/12241","targetHints":{"allow":["GET"]}}],"collection":[{"href":"https:\/\/canela.rs.gov.br\/sitenovo\/wp-json\/wp\/v2\/posts"}],"about":[{"href":"https:\/\/canela.rs.gov.br\/sitenovo\/wp-json\/wp\/v2\/types\/post"}],"author":[{"embeddable":true,"href":"https:\/\/canela.rs.gov.br\/sitenovo\/wp-json\/wp\/v2\/users\/3"}],"replies":[{"embeddable":true,"href":"https:\/\/canela.rs.gov.br\/sitenovo\/wp-json\/wp\/v2\/comments?post=12241"}],"version-history":[{"count":2,"href":"https:\/\/canela.rs.gov.br\/sitenovo\/wp-json\/wp\/v2\/posts\/12241\/revisions"}],"predecessor-version":[{"id":12245,"href":"https:\/\/canela.rs.gov.br\/sitenovo\/wp-json\/wp\/v2\/posts\/12241\/revisions\/12245"}],"wp:featuredmedia":[{"embeddable":true,"href":"https:\/\/canela.rs.gov.br\/sitenovo\/wp-json\/wp\/v2\/media\/12243"}],"wp:attachment":[{"href":"https:\/\/canela.rs.gov.br\/sitenovo\/wp-json\/wp\/v2\/media?parent=12241"}],"wp:term":[{"taxonomy":"category","embeddable":true,"href":"https:\/\/canela.rs.gov.br\/sitenovo\/wp-json\/wp\/v2\/categories?post=12241"},{"taxonomy":"post_tag","embeddable":true,"href":"https:\/\/canela.rs.gov.br\/sitenovo\/wp-json\/wp\/v2\/tags?post=12241"}],"curies":[{"name":"wp","href":"https:\/\/api.w.org\/{rel}","templated":true}]}}