{"id":12229,"date":"2025-12-22T14:46:49","date_gmt":"2025-12-22T17:46:49","guid":{"rendered":"https:\/\/canela.rs.gov.br\/sitenovo\/?p=12229"},"modified":"2025-12-22T14:46:51","modified_gmt":"2025-12-22T17:46:51","slug":"secretaria-da-saude-de-canela-viabiliza-capacitacao-para-atendimento-odontologico-inclusivo","status":"publish","type":"post","link":"https:\/\/canela.rs.gov.br\/sitenovo\/secretaria-da-saude-de-canela-viabiliza-capacitacao-para-atendimento-odontologico-inclusivo\/","title":{"rendered":"Secretaria da Sa\u00fade de Canela viabiliza capacita\u00e7\u00e3o para atendimento odontol\u00f3gico inclusivo"},"content":{"rendered":"\n<p>Com o objetivo de qualificar os servi\u00e7os e tornar o atendimento cada vez mais humanizado, a Prefeitura de Canela, por meio da Secretaria Municipal de Sa\u00fade, viabilizou a participa\u00e7\u00e3o de servidoras no curso de capacita\u00e7\u00e3o \u201cAtendimento Odontol\u00f3gico ao Paciente com Defici\u00eancias e Transtornos Mentais\u201d. A qualifica\u00e7\u00e3o aconteceu na sexta-feira, dia 19.<br>A capacita\u00e7\u00e3o contou com a participa\u00e7\u00e3o da cirurgi\u00e3-dentista Gabriela Nogueira e da auxiliar em sa\u00fade bucal Ana Maria Ferreira e foi promovida pela Secretaria da Sa\u00fade do Estado do Rio Grande do Sul (SES\/RS), em coopera\u00e7\u00e3o t\u00e9cnica com o Hospital Psiqui\u00e1trico S\u00e3o Pedro e a Faders \u2013 Funda\u00e7\u00e3o de Articula\u00e7\u00e3o e Desenvolvimento de Pol\u00edticas P\u00fablicas para Pessoas com Defici\u00eancia e com Altas Habilidades no RS.<br>Como etapa final do curso, as servidoras apresentaram um Trabalho de Conclus\u00e3o de Curso (TCC), com foco na realidade local, intitulado \u201cAn\u00e1lise de Barreiras e Propostas de Adapta\u00e7\u00e3o do Ambiente Odontol\u00f3gico para Pacientes com Defici\u00eancia e Transtorno do Espectro Autista (TEA)\u201d. O estudo identificou obst\u00e1culos f\u00edsicos e sensoriais existentes nas unidades de sa\u00fade do munic\u00edpio e prop\u00f4s solu\u00e7\u00f5es vi\u00e1veis, entre elas: ajustes no ambiente, estrat\u00e9gias para tornar o consult\u00f3rio menos estimulante do ponto de vista visual e sonoro, mais acessibilidade com identifica\u00e7\u00e3o de barreiras arquitet\u00f4nicas que dificultam o acesso dos pacientes, e defini\u00e7\u00e3o de protocolos para reduzir a ansiedade e garantir maior seguran\u00e7a cl\u00ednica durante os atendimentos.<br>A entrega do trabalho contemplou a conclus\u00e3o das 160 horas de capacita\u00e7\u00e3o.<\/p>\n\n\n\n<p>Fotos: Divulga\u00e7\u00e3o<\/p>\n\n\n\n<figure class=\"wp-block-image size-large\"><img fetchpriority=\"high\" decoding=\"async\" width=\"1024\" height=\"768\" src=\"https:\/\/canela.rs.gov.br\/sitenovo\/wp-content\/uploads\/2025\/12\/WhatsApp-Image-2025-12-22-at-14.22.13-1-1024x768.jpeg\" alt=\"\" class=\"wp-image-12231\" srcset=\"https:\/\/canela.rs.gov.br\/sitenovo\/wp-content\/uploads\/2025\/12\/WhatsApp-Image-2025-12-22-at-14.22.13-1-1024x768.jpeg 1024w, https:\/\/canela.rs.gov.br\/sitenovo\/wp-content\/uploads\/2025\/12\/WhatsApp-Image-2025-12-22-at-14.22.13-1-300x225.jpeg 300w, https:\/\/canela.rs.gov.br\/sitenovo\/wp-content\/uploads\/2025\/12\/WhatsApp-Image-2025-12-22-at-14.22.13-1-768x576.jpeg 768w, https:\/\/canela.rs.gov.br\/sitenovo\/wp-content\/uploads\/2025\/12\/WhatsApp-Image-2025-12-22-at-14.22.13-1-1536x1152.jpeg 1536w, https:\/\/canela.rs.gov.br\/sitenovo\/wp-content\/uploads\/2025\/12\/WhatsApp-Image-2025-12-22-at-14.22.13-1.jpeg 1600w\" sizes=\"(max-width: 1024px) 100vw, 1024px\" \/><\/figure>\n","protected":false},"excerpt":{"rendered":"<p>Com o objetivo de qualificar os servi\u00e7os e tornar o atendimento cada vez mais humanizado, a Prefeitura de Canela, por meio da Secretaria Municipal de Sa\u00fade, viabilizou a participa\u00e7\u00e3o de servidoras no curso de capacita\u00e7\u00e3o \u201cAtendimento Odontol\u00f3gico ao Paciente com Defici\u00eancias e Transtornos Mentais\u201d. A qualifica\u00e7\u00e3o aconteceu na sexta-feira, dia 19.A capacita\u00e7\u00e3o contou com a [&hellip;]<\/p>\n","protected":false},"author":3,"featured_media":12230,"comment_status":"open","ping_status":"open","sticky":false,"template":"","format":"standard","meta":{"footnotes":""},"categories":[144],"tags":[],"class_list":["post-12229","post","type-post","status-publish","format-standard","has-post-thumbnail","hentry","category-saude"],"_links":{"self":[{"href":"https:\/\/canela.rs.gov.br\/sitenovo\/wp-json\/wp\/v2\/posts\/12229","targetHints":{"allow":["GET"]}}],"collection":[{"href":"https:\/\/canela.rs.gov.br\/sitenovo\/wp-json\/wp\/v2\/posts"}],"about":[{"href":"https:\/\/canela.rs.gov.br\/sitenovo\/wp-json\/wp\/v2\/types\/post"}],"author":[{"embeddable":true,"href":"https:\/\/canela.rs.gov.br\/sitenovo\/wp-json\/wp\/v2\/users\/3"}],"replies":[{"embeddable":true,"href":"https:\/\/canela.rs.gov.br\/sitenovo\/wp-json\/wp\/v2\/comments?post=12229"}],"version-history":[{"count":1,"href":"https:\/\/canela.rs.gov.br\/sitenovo\/wp-json\/wp\/v2\/posts\/12229\/revisions"}],"predecessor-version":[{"id":12232,"href":"https:\/\/canela.rs.gov.br\/sitenovo\/wp-json\/wp\/v2\/posts\/12229\/revisions\/12232"}],"wp:featuredmedia":[{"embeddable":true,"href":"https:\/\/canela.rs.gov.br\/sitenovo\/wp-json\/wp\/v2\/media\/12230"}],"wp:attachment":[{"href":"https:\/\/canela.rs.gov.br\/sitenovo\/wp-json\/wp\/v2\/media?parent=12229"}],"wp:term":[{"taxonomy":"category","embeddable":true,"href":"https:\/\/canela.rs.gov.br\/sitenovo\/wp-json\/wp\/v2\/categories?post=12229"},{"taxonomy":"post_tag","embeddable":true,"href":"https:\/\/canela.rs.gov.br\/sitenovo\/wp-json\/wp\/v2\/tags?post=12229"}],"curies":[{"name":"wp","href":"https:\/\/api.w.org\/{rel}","templated":true}]}}